{"id":24705,"date":"2023-02-01T19:00:00","date_gmt":"2023-02-01T18:00:00","guid":{"rendered":"https:\/\/www.thegreenlist.nl\/?p=24705"},"modified":"2026-03-23T09:46:06","modified_gmt":"2026-03-23T08:46:06","slug":"saisongemuse-februar-welches-obst-und-gemuse-hat-im-februar-saison","status":"publish","type":"post","link":"https:\/\/www.thegreenlist.nl\/de\/seizoensgroenten-februari-welk-groente-en-fruit-zijn-er-in-februari-in-het-seizoen\/","title":{"rendered":"Gem\u00fcse der Saison im Februar: Welches Obst und Gem\u00fcse hat im Februar Saison?"},"content":{"rendered":"<div id=\"bsf_rt_marker\"><\/div>\n<p><strong>Wenn man sich nach der Saison ern\u00e4hrt, ist der Februar ein sp\u00e4rlicher Monat. Der Februar ist einer der Monate, in dem es in den Niederlanden am wenigsten Gem\u00fcse und Obst der Saison gibt. Zum Gl\u00fcck muss man nicht jeden Tag Gr\u00fcnkohl essen, denn es gibt noch 20 andere Gem\u00fcsesorten. Der Februar ist also der ideale Zeitpunkt, um neue Gem\u00fcsesorten auszuprobieren, die Sie noch nicht kannten. Haben Sie zum Beispiel schon einmal Steckr\u00fcben, Radieschen oder Schwarzwurzeln probiert? Wir haben f\u00fcr Sie die Gem\u00fcsesorten der Saison im Februar aufgelistet.<\/strong><\/p>\n\n\n\n<!--more-->\n\n\n\n<h2 class=\"wp-block-heading\">Der Februar ist der ideale Zeitpunkt, um neue Gem\u00fcsesorten der Saison kennen zu lernen<\/h2>\n\n\n\n<p class=\"has-small-font-size\"><em>Dank an Crisp f\u00fcr die saisonalen Produkte<\/em><\/p>\n\n\n\n<p>Auch wenn die Liste der saisonalen Gem\u00fcsesorten und Fr\u00fcchte im Februar nicht lang ist, kann man mit ein wenig Kreativit\u00e4t dennoch leckere Gerichte daraus zaubern. Die Spargelsaison beginnt zwar erst im Fr\u00fchjahr, aber ein spargel\u00e4hnliches Gem\u00fcse k\u00f6nnen Sie bereits in diesem Monat essen: Schwarzwurzeln. In diesem Monat erfahren Sie mehr \u00fcber dieses und andere vergessene Gem\u00fcsesorten, die derzeit in den Niederlanden Saison haben.<\/p>\n\n\n\n<h2 class=\"wp-block-heading\">Die Vorteile von saisonalem Gem\u00fcse und Obst der Saison, auch im Februar<\/h2>\n\n\n\n<p>Die Superm\u00e4rkte sind voll von Obst und Gem\u00fcse. Warum sollte man sich die M\u00fche machen, darauf zu achten, welches Obst oder Gem\u00fcse in den Niederlanden gerade Saison hat? Zum einen ist das besser f\u00fcr die Umwelt. Obst und Gem\u00fcse, das einen l\u00e4ngeren Transportweg hat oder in beheizten Gew\u00e4chsh\u00e4usern angebaut wird, hat im Allgemeinen eine gr\u00f6\u00dfere Umweltbelastung. Aber wussten Sie auch, dass Saisongem\u00fcse und Saisonobst besser f\u00fcr Ihre Gesundheit sind? Weil der Transportweg k\u00fcrzer ist, ist das Gem\u00fcse oder Obst reifer, bevor es geerntet wird. Dadurch gehen weniger N\u00e4hrstoffe verloren. Saisonales Gem\u00fcse und Obst enth\u00e4lt auch mehr N\u00e4hrstoffe, weil es weniger lange gelagert wird. Au\u00dferdem werden oft weniger Pestizide eingesetzt, da sie weniger anf\u00e4llig f\u00fcr Krankheiten sind. Und schlie\u00dflich ist es in der Regel viel billiger, Obst und Gem\u00fcse der Saison zu kaufen.<\/p>\n\n\n\n<div class=\"wp-block-jetpack-tiled-gallery aligncenter is-style-rectangular\"><div class=\"\"><div class=\"tiled-gallery__gallery\"><div class=\"tiled-gallery__row\"><div class=\"tiled-gallery__col\" style=\"flex-basis:66.77947%\"><figure class=\"tiled-gallery__item\"><img decoding=\"async\" srcset=\"https:\/\/i0.wp.com\/afbeeldingen.thegreenlist.nl\/uploads\/2023\/01\/selderij-aardpeer-schorseneer-1024x768.jpg?strip=info&#038;w=600&#038;ssl=1 600w,https:\/\/i0.wp.com\/afbeeldingen.thegreenlist.nl\/uploads\/2023\/01\/selderij-aardpeer-schorseneer-1024x768.jpg?strip=info&#038;w=900&#038;ssl=1 900w,https:\/\/i0.wp.com\/afbeeldingen.thegreenlist.nl\/uploads\/2023\/01\/selderij-aardpeer-schorseneer-1024x768.jpg?strip=info&#038;w=1200&#038;ssl=1 1200w\" alt=\"Knollensellerie, Topinambur und Schwarzwurzeln sind Gem\u00fcse der Saison im Februar.\" data-height=\"900\" data-id=\"26786\" data-link=\"https:\/\/www.thegreenlist.nl\/seizoensgroenten-februari-welk-groente-en-fruit-zijn-er-in-februari-in-het-seizoen\/selderij-aardpeer-schorseneer\/\" data-url=\"https:\/\/afbeeldingen.thegreenlist.nl\/uploads\/2023\/01\/selderij-aardpeer-schorseneer-1024x768.jpg\" data-width=\"1200\" src=\"https:\/\/i0.wp.com\/afbeeldingen.thegreenlist.nl\/uploads\/2023\/01\/selderij-aardpeer-schorseneer-1024x768.jpg?ssl=1\" data-amp-layout=\"responsive\"\/><\/figure><\/div><div class=\"tiled-gallery__col\" style=\"flex-basis:33.22053%\"><figure class=\"tiled-gallery__item\"><img decoding=\"async\" srcset=\"https:\/\/i0.wp.com\/afbeeldingen.thegreenlist.nl\/uploads\/2023\/01\/pompoen-seizoensgroente-februari-1024x768.jpg?strip=info&#038;w=600&#038;ssl=1 600w,https:\/\/i0.wp.com\/afbeeldingen.thegreenlist.nl\/uploads\/2023\/01\/pompoen-seizoensgroente-februari-1024x768.jpg?strip=info&#038;w=900&#038;ssl=1 900w,https:\/\/i0.wp.com\/afbeeldingen.thegreenlist.nl\/uploads\/2023\/01\/pompoen-seizoensgroente-februari-1024x768.jpg?strip=info&#038;w=1200&#038;ssl=1 1200w\" alt=\"K\u00fcrbis ist ein Gem\u00fcse der Saison im Februar.\" data-height=\"900\" data-id=\"26785\" data-link=\"https:\/\/www.thegreenlist.nl\/seizoensgroenten-februari-welk-groente-en-fruit-zijn-er-in-februari-in-het-seizoen\/pompoen-seizoensgroente-februari\/\" data-url=\"https:\/\/afbeeldingen.thegreenlist.nl\/uploads\/2023\/01\/pompoen-seizoensgroente-februari-1024x768.jpg\" data-width=\"1200\" src=\"https:\/\/i0.wp.com\/afbeeldingen.thegreenlist.nl\/uploads\/2023\/01\/pompoen-seizoensgroente-februari-1024x768.jpg?ssl=1\" data-amp-layout=\"responsive\"\/><\/figure><figure class=\"tiled-gallery__item\"><img decoding=\"async\" srcset=\"https:\/\/i0.wp.com\/afbeeldingen.thegreenlist.nl\/uploads\/2023\/01\/winterpostelein-paddenstoelen-spruiten-1024x768.jpg?strip=info&#038;w=600&#038;ssl=1 600w,https:\/\/i0.wp.com\/afbeeldingen.thegreenlist.nl\/uploads\/2023\/01\/winterpostelein-paddenstoelen-spruiten-1024x768.jpg?strip=info&#038;w=900&#038;ssl=1 900w,https:\/\/i0.wp.com\/afbeeldingen.thegreenlist.nl\/uploads\/2023\/01\/winterpostelein-paddenstoelen-spruiten-1024x768.jpg?strip=info&#038;w=1200&#038;ssl=1 1200w\" alt=\"Winterportulak, Paddesotels und Rosenkohl haben in den Niederlanden im Februar Saison.\" data-height=\"900\" data-id=\"26783\" data-link=\"https:\/\/www.thegreenlist.nl\/seizoensgroenten-februari-welk-groente-en-fruit-zijn-er-in-februari-in-het-seizoen\/winterpostelein-paddenstoelen-spruiten\/\" data-url=\"https:\/\/afbeeldingen.thegreenlist.nl\/uploads\/2023\/01\/winterpostelein-paddenstoelen-spruiten-1024x768.jpg\" data-width=\"1200\" src=\"https:\/\/i0.wp.com\/afbeeldingen.thegreenlist.nl\/uploads\/2023\/01\/winterpostelein-paddenstoelen-spruiten-1024x768.jpg?ssl=1\" data-amp-layout=\"responsive\"\/><\/figure><\/div><\/div><\/div><\/div><\/div>\n\n\n\n<p class=\"has-small-font-size\"><em>Topinambur, Knollensellerie, Rettich und weitere Fr\u00fcchte und Gem\u00fcse aus dem Februar.<\/em><\/p>\n\n\n\n<h2 class=\"wp-block-heading\">Obst und Gem\u00fcse aus den Niederlanden sind nicht immer die nachhaltigste Wahl<\/h2>\n\n\n\n<p>Jetzt, wo Sie von den Vorteilen von saisonalem Gem\u00fcse und Obst \u00fcberzeugt sind, k\u00f6nnen Sie beim Einkaufen darauf achten. Da das Herkunftsland auf der Verpackung angegeben ist, entscheiden Sie sich vielleicht daf\u00fcr, Obst oder Gem\u00fcse aus den Niederlanden zu kaufen. Leider ist das nicht immer die nachhaltigste Wahl. Schlie\u00dflich kann man im Supermarkt nicht erkennen, ob das Obst oder Gem\u00fcse in einem beheizten Gew\u00e4chshaus angebaut wurde. Ein Salatkopf aus den Niederlanden kann zum Beispiel im Juli die nachhaltigste Wahl sein, w\u00e4hrend im Januar der Salatkopf aus Spanien nachhaltiger ist, weil er im Freien w\u00e4chst. Ziemlich verwirrend, oder? Um es Ihnen leichter zu machen, haben wir f\u00fcr Sie herausgesucht, welches Gem\u00fcse oder Obst in den Niederlanden in voller Erde oder in unbeheizten Gew\u00e4chsh\u00e4usern w\u00e4chst. Im Februar sind dies die folgenden Obst- und Gem\u00fcsesorten:<\/p>\n\n\n\n<h3 class=\"wp-block-heading\">Niederl\u00e4ndisches Gem\u00fcse der Saison Februar:<\/h3>\n\n\n\n<p><em>Das Obst und Gem\u00fcse in <strong>fett<\/strong> kann derzeit in den Niederlanden geerntet werden. Das \u00fcbrige Obst und Gem\u00fcse stammt zwar aus den Niederlanden, ist aber aus fr\u00fcheren Monaten. Gem\u00fcse wird oft monatelang nach der Ernte gelagert und so verkauft (was in Ordnung ist).<\/em><\/p>\n\n\n\n<div class=\"wp-block-columns is-layout-flex wp-container-core-columns-is-layout-28f84493 wp-block-columns-is-layout-flex\">\n<div class=\"wp-block-column is-layout-flow wp-block-column-is-layout-flow\" style=\"flex-basis:66.66%\">\n<ul class=\"wp-block-list\">\n<li>Kartoffel<\/li>\n\n\n\n<li><strong>Gr\u00fcnkohl <\/strong>(Inspirationsrezept: <a href=\"https:\/\/www.thegreenlist.nl\/de\/veganer-kurbis-eintopf-auf-asiatische-art\/\">Veganer K\u00fcrbiseintopf mit Gr\u00fcnkohl nach asiatischer Art<\/a>)<\/li>\n\n\n\n<li>Gr\u00fcner Staudensellerie<\/li>\n\n\n\n<li>Knollensellerie (Inspirationsrezept: <a href=\"https:\/\/www.thegreenlist.nl\/de\/snert-mit-gewurz-vegane-erbsensuppe\/\">w\u00fcrzige vegane Erbsensuppe mit Knollensellerie<\/a>)<\/li>\n\n\n\n<li><strong>Pilze <\/strong>(Inspirationsrezept: <a href=\"https:\/\/www.thegreenlist.nl\/de\/5-mal-rezept-mit-austernpilzen\/\">5 x Rezept mit Austernpilzen<\/a>)<\/li>\n\n\n\n<li><strong>Pastinaken<\/strong><\/li>\n\n\n\n<li>K\u00fcrbis (Inspirationsrezept: <a href=\"https:\/\/www.thegreenlist.nl\/de\/veganes-rezept-kurbis-curry-quiche\/\">K\u00fcrbis-Curry-Quiche<\/a>)<\/li>\n\n\n\n<li><strong>Lauch<\/strong> (Inspirationsrezept: <a href=\"https:\/\/www.thegreenlist.nl\/de\/einfaches-rezept-fur-eine-cremige-sellerie-lauch-suppe\/\">Rahmige Sellerie-Lauch-Suppe<\/a>)<\/li>\n\n\n\n<li>Steckr\u00fcbe<\/li>\n\n\n\n<li>Rammenas<\/li>\n\n\n\n<li>Rote Bete<\/li>\n\n\n\n<li>Rotkohl<\/li>\n\n\n\n<li><strong>Wirsingkohl<\/strong><\/li>\n\n\n\n<li><strong>Schwarzwurzeln<\/strong> (Inspirationsrezept: <a href=\"https:\/\/www.thegreenlist.nl\/de\/vergessenes-gemuse-rezept-cremige-nudeln-mit-schwarzwurzeln\/\">Cremige Nudeln mit Schwarzwurzeln<\/a>)<\/li>\n\n\n\n<li><strong>Sprossen<\/strong><\/li>\n\n\n\n<li>Zwiebel<\/li>\n\n\n\n<li><strong>Feldsalat<\/strong><\/li>\n\n\n\n<li><strong>Winterportulak<\/strong><\/li>\n\n\n\n<li><strong>Zichorie<\/strong> (Inspirationsrezept: <a href=\"https:\/\/www.thegreenlist.nl\/de\/leckere-vorspeise-roher-endivien-mit-blauschimmelkase-birne\/\">roher Endiviensalat mit Blauschimmelk\u00e4se und Birne<\/a>)<\/li>\n\n\n\n<li>Wei\u00dfkohl<\/li>\n\n\n\n<li>Karotte (Inspirationsrezept:<a href=\"https:\/\/www.thegreenlist.nl\/de\/wortel-recept-wortels-op-marokkaanse-wijze\/\"> M\u00f6hren nach marokkanischer Art<\/a>)<\/li>\n<\/ul>\n<\/div>\n\n\n\n<div class=\"wp-block-column is-layout-flow wp-block-column-is-layout-flow\" style=\"flex-basis:33.33%\">\n<figure class=\"wp-block-image size-full\"><img fetchpriority=\"high\" decoding=\"async\" width=\"1200\" height=\"900\" src=\"https:\/\/afbeeldingen.thegreenlist.nl\/uploads\/2022\/12\/vegan-erwtensoep.jpg\" alt=\"Vegane Erbsensuppe in einem gro\u00dfen Topf.\" class=\"wp-image-26412\" srcset=\"https:\/\/afbeeldingen.thegreenlist.nl\/uploads\/2022\/12\/vegan-erwtensoep-1000x750.jpg 1000w, https:\/\/afbeeldingen.thegreenlist.nl\/uploads\/2022\/12\/vegan-erwtensoep-300x225.jpg 300w, https:\/\/afbeeldingen.thegreenlist.nl\/uploads\/2022\/12\/vegan-erwtensoep-1024x768.jpg 1024w, https:\/\/afbeeldingen.thegreenlist.nl\/uploads\/2022\/12\/vegan-erwtensoep-768x576.jpg 768w, https:\/\/afbeeldingen.thegreenlist.nl\/uploads\/2022\/12\/vegan-erwtensoep-500x375.jpg 500w, https:\/\/afbeeldingen.thegreenlist.nl\/uploads\/2022\/12\/vegan-erwtensoep.jpg 1200w\" sizes=\"(max-width: 1200px) 100vw, 1200px\" \/><figcaption class=\"wp-element-caption\"><em>Veganer Snert mit Gew\u00fcrzen von greenlist-culi Anne mit nicht weniger als f\u00fcnf Gem\u00fcsesorten der Saison: Knollensellerie, Kartoffeln, Lauch, Zwiebeln und Karotten. <\/em><\/figcaption><\/figure>\n<\/div>\n<\/div>\n\n\n\n<h3 class=\"wp-block-heading\">Niederl\u00e4ndisches Saisonobst Februar:<\/h3>\n\n\n\n<ul class=\"wp-block-list\">\n<li>Apfel<\/li>\n\n\n\n<li>Peer<br><br><\/li>\n<\/ul>\n\n\n\n<p>M\u00f6chten Sie wissen, welches Obst aus dem Ausland das ganze Jahr \u00fcber als nachhaltige Wahl gut zu essen ist? Sie finden die Liste in <a href=\"https:\/\/www.thegreenlist.nl\/de\/gemuse-der-saison-januar-welche-fruchte-und-gemuse-haben-im-januar-saison\/\">Der Artikel vom Januar \u00fcber Obst und Gem\u00fcse der Saison<\/a><a>.<\/a><\/p>\n\n\n\n<div class=\"wp-block-columns has-background is-layout-flex wp-container-core-columns-is-layout-28f84493 wp-block-columns-is-layout-flex\" style=\"background-color:#eff1ec\">\n<div class=\"wp-block-column is-layout-flow wp-block-column-is-layout-flow\">\n<h3 class=\"wp-block-heading\">Warum auch Lagergem\u00fcse und -obst auf der Liste stehen<\/h3>\n\n\n\n<p>Die oben aufgef\u00fchrten Obst- und Gem\u00fcsesorten sind in diesem Monat normalerweise in voller niederl\u00e4ndischer Erde oder in unbeheizten niederl\u00e4ndischen Gew\u00e4chsh\u00e4usern erh\u00e4ltlich. Dies wird nur <em>nicht<\/em> dass dieses Obst und Gem\u00fcse auch in diesem Monat <em>geerntet<\/em> sind. Einige Sorten wie zum Beispiel \u00c4pfel, Birnen, Karotten, Kartoffeln, K\u00fcrbisse und Zwiebeln k\u00f6nnen von den Erzeugern \u00fcber l\u00e4ngere Zeitr\u00e4ume gelagert werden. Dadurch sind diese Obst- und Gem\u00fcsesorten auch in den Wintermonaten verf\u00fcgbar, was die Auswahl an lokal erzeugtem Obst und Gem\u00fcse erh\u00f6ht. <em>Thegreenlist.nl<\/em> Wir haben uns daf\u00fcr entschieden, auch diese Lagergem\u00fcse- und -obstsorten in die Liste der saisonalen Gem\u00fcse- und Obstsorten aufzunehmen, weil sie eine nachhaltige Wahl des niederl\u00e4ndischen Landes sind. W\u00fcrden wir diese Sorten weglassen, g\u00e4be es zum Beispiel in den Wintermonaten \u00fcberhaupt kein Obst auf der Liste. Diese Lagergem\u00fcse und -fr\u00fcchte haben also nicht gerade Saison, aber sie bieten eine umweltfreundliche M\u00f6glichkeit, sich in den k\u00e4lteren Monaten abwechslungsreich und gesund zu ern\u00e4hren.<\/p>\n\n\n\n<p>M\u00f6chten Sie mehr dar\u00fcber erfahren, wie niederl\u00e4ndische Erzeuger Obst und Gem\u00fcse lagern? <a href=\"https:\/\/www.thegreenlist.nl\/de\/wie-frisch-sind-frisches-obst-und-gemuse\/\">Sie k\u00f6nnen alles dar\u00fcber in diesem Artikel lesen.<\/a><\/p>\n<\/div>\n<\/div>\n\n\n\n<h2 class=\"wp-block-heading\">Kennen Sie diese vergessenen Gem\u00fcsesorten schon?<\/h2>\n\n\n\n<p>Vielleicht haben Sie auf der Februar-Liste der saisonalen Gem\u00fcsesorten noch nie etwas von einem Gem\u00fcse geh\u00f6rt. Die folgenden drei Gem\u00fcsesorten werden in der niederl\u00e4ndischen K\u00fcche nicht mehr h\u00e4ufig verwendet, sind aber auf jeden Fall einen Versuch wert. <\/p>\n\n\n\n<div class=\"wp-block-columns has-background is-layout-flex wp-container-core-columns-is-layout-28f84493 wp-block-columns-is-layout-flex\" style=\"background-color:#eff1ec\">\n<div class=\"wp-block-column is-layout-flow wp-block-column-is-layout-flow\" style=\"flex-basis:66.66%\">\n<h3 class=\"wp-block-heading\">Steckr\u00fcbe<\/h3>\n\n\n\n<p>Bevor es in den Niederlanden Kartoffeln gab, waren R\u00fcben die Hauptzutat in vielen Gerichten. Steckr\u00fcben gibt es in allen Formen (rund, l\u00e4nglich, abgeflacht) und Farben (gelb, grau, lila, orange, schwarz). Kleine und milde Sorten k\u00f6nnen, wie Radieschen, roh gegessen werden. Gr\u00f6\u00dfere Sorten sollten gekocht werden, bis sie weich sind. Achten Sie darauf, sie nicht zu lange zu kochen, da sie sonst zerkocht und matschig werden. Sch\u00e4len Sie sie vorher. Wie Kartoffeln kann man Steckr\u00fcben auch d\u00fcnsten, braten oder backen. R\u00fcben lassen sich gut mit Wintergem\u00fcse wie K\u00fcrbis und Karotten kombinieren.<\/p>\n\n\n\n<p class=\"has-small-font-size\"><em>Quelle: <a href=\"https:\/\/velt.nu\/groente\/raap\" target=\"_blank\" rel=\"noreferrer noopener\">Velt.nu<\/a><\/em><\/p>\n<\/div>\n\n\n\n<div class=\"wp-block-column is-layout-flow wp-block-column-is-layout-flow\" style=\"flex-basis:33.33%\">\n<h2 class=\"wp-block-heading\"><\/h2>\n\n\n\n<figure class=\"wp-block-image size-large\"><img decoding=\"async\" width=\"1024\" height=\"768\" src=\"https:\/\/afbeeldingen.thegreenlist.nl\/uploads\/2023\/01\/raap-vergeten-groentes-1024x768.jpg\" alt=\"\" class=\"wp-image-26798\" srcset=\"https:\/\/afbeeldingen.thegreenlist.nl\/uploads\/2023\/01\/raap-vergeten-groentes-1000x750.jpg 1000w, https:\/\/afbeeldingen.thegreenlist.nl\/uploads\/2023\/01\/raap-vergeten-groentes-300x225.jpg 300w, https:\/\/afbeeldingen.thegreenlist.nl\/uploads\/2023\/01\/raap-vergeten-groentes-1024x768.jpg 1024w, https:\/\/afbeeldingen.thegreenlist.nl\/uploads\/2023\/01\/raap-vergeten-groentes-768x576.jpg 768w, https:\/\/afbeeldingen.thegreenlist.nl\/uploads\/2023\/01\/raap-vergeten-groentes-500x375.jpg 500w, https:\/\/afbeeldingen.thegreenlist.nl\/uploads\/2023\/01\/raap-vergeten-groentes.jpg 1200w\" sizes=\"(max-width: 1024px) 100vw, 1024px\" \/><\/figure>\n<\/div>\n<\/div>\n\n\n\n<div class=\"wp-block-columns has-background is-layout-flex wp-container-core-columns-is-layout-28f84493 wp-block-columns-is-layout-flex\" style=\"background-color:#eff1ec\">\n<div class=\"wp-block-column is-layout-flow wp-block-column-is-layout-flow\" style=\"flex-basis:66.66%\">\n<h3 class=\"wp-block-heading\">Rammenas<\/h3>\n\n\n\n<p>Haben Sie schon Lust auf Radieschen? Dann probieren Sie Radieschen. Tats\u00e4chlich ist dieses Gem\u00fcse dem Rettich sehr \u00e4hnlich. Das Innere von Radieschen ist wei\u00df. Die Schale kann wei\u00df, (braun)schwarz oder rosa sein. Wie Radieschen kann man ihn roh essen, zum Beispiel als Brotaufstrich oder in einem Salat. Sie k\u00f6nnen ihn aber auch in einem Eintopf kochen. Wenn Sie dieses Gem\u00fcse noch nie gegessen haben, achten Sie darauf, nicht zu viel auf einmal zu essen, da Ihr Magen es vielleicht nicht vertr\u00e4gt.<\/p>\n\n\n\n<p class=\"has-small-font-size\"><em>Quelle: <a href=\"https:\/\/velt.nu\/groente\/raap\"><\/a><a href=\"https:\/\/velt.nu\/groente\/rammenas\" target=\"_blank\" rel=\"noreferrer noopener nofollow\">Velt.nu<\/a><\/em><\/p>\n<\/div>\n\n\n\n<div class=\"wp-block-column is-layout-flow wp-block-column-is-layout-flow\" style=\"flex-basis:33.33%\">\n<h2 class=\"wp-block-heading\"><\/h2>\n\n\n\n<figure class=\"wp-block-image size-large\"><img decoding=\"async\" width=\"1024\" height=\"768\" src=\"https:\/\/afbeeldingen.thegreenlist.nl\/uploads\/2023\/01\/rammenas-vergeten-groente-1024x768.jpg\" alt=\"\" class=\"wp-image-26803\" srcset=\"https:\/\/afbeeldingen.thegreenlist.nl\/uploads\/2023\/01\/rammenas-vergeten-groente-1000x750.jpg 1000w, https:\/\/afbeeldingen.thegreenlist.nl\/uploads\/2023\/01\/rammenas-vergeten-groente-300x225.jpg 300w, https:\/\/afbeeldingen.thegreenlist.nl\/uploads\/2023\/01\/rammenas-vergeten-groente-1024x768.jpg 1024w, https:\/\/afbeeldingen.thegreenlist.nl\/uploads\/2023\/01\/rammenas-vergeten-groente-768x576.jpg 768w, https:\/\/afbeeldingen.thegreenlist.nl\/uploads\/2023\/01\/rammenas-vergeten-groente-500x375.jpg 500w, https:\/\/afbeeldingen.thegreenlist.nl\/uploads\/2023\/01\/rammenas-vergeten-groente.jpg 1200w\" sizes=\"(max-width: 1024px) 100vw, 1024px\" \/><\/figure>\n<\/div>\n<\/div>\n\n\n\n<div class=\"wp-block-columns has-background is-layout-flex wp-container-core-columns-is-layout-28f84493 wp-block-columns-is-layout-flex\" style=\"background-color:#eff1ec\">\n<div class=\"wp-block-column is-layout-flow wp-block-column-is-layout-flow\" style=\"flex-basis:66.66%\">\n<h3 class=\"wp-block-heading\">Schwarzwurzeln<\/h3>\n\n\n\n<p>Die Spargelsaison beginnt erst wieder im Mai. Wenn Sie jetzt schon Lust auf Spargel haben, probieren Sie Schwarzwurzeln. Denn wie Spargel kann man diese schwarzen Wurzeln kochen und mit einer So\u00dfe essen. Man kann sie auch d\u00fcnsten, schmoren oder backen. Das Sch\u00e4len der Schwarzwurzeln ist allerdings etwas m\u00fchsam. Wenn man die Wurzeln erst kocht und dann sch\u00e4lt, scheint es einfacher zu sein. Entnommen aus <a href=\"https:\/\/groentegroente.nl\/groentes\/schorseneren-koken\/\" target=\"_blank\" rel=\"noreferrer noopener\">Gem\u00fcseGroente.nl<\/a>, finden Sie viele Tipps und Rezepte f\u00fcr die Zubereitung von Schwarzwurzeln (und anderem vergessenen Gem\u00fcse).<\/p>\n<\/div>\n\n\n\n<div class=\"wp-block-column is-layout-flow wp-block-column-is-layout-flow\" style=\"flex-basis:33.33%\">\n<h2 class=\"wp-block-heading\"><\/h2>\n\n\n\n<figure class=\"wp-block-image size-large\"><img loading=\"lazy\" decoding=\"async\" width=\"1024\" height=\"768\" src=\"https:\/\/afbeeldingen.thegreenlist.nl\/uploads\/2023\/01\/schorseneer-seizoensgroente-februari-1-1024x768.jpg\" alt=\"\" class=\"wp-image-26800\" srcset=\"https:\/\/afbeeldingen.thegreenlist.nl\/uploads\/2023\/01\/schorseneer-seizoensgroente-februari-1-1000x750.jpg 1000w, https:\/\/afbeeldingen.thegreenlist.nl\/uploads\/2023\/01\/schorseneer-seizoensgroente-februari-1-300x225.jpg 300w, https:\/\/afbeeldingen.thegreenlist.nl\/uploads\/2023\/01\/schorseneer-seizoensgroente-februari-1-1024x768.jpg 1024w, https:\/\/afbeeldingen.thegreenlist.nl\/uploads\/2023\/01\/schorseneer-seizoensgroente-februari-1-768x576.jpg 768w, https:\/\/afbeeldingen.thegreenlist.nl\/uploads\/2023\/01\/schorseneer-seizoensgroente-februari-1-500x375.jpg 500w, https:\/\/afbeeldingen.thegreenlist.nl\/uploads\/2023\/01\/schorseneer-seizoensgroente-februari-1.jpg 1200w\" sizes=\"(max-width: 1024px) 100vw, 1024px\" \/><\/figure>\n<\/div>\n<\/div>\n\n\n\n<h2 class=\"wp-block-heading\">Gem\u00fcse und Obst der Saison im Februar: nachhaltig, gesund und g\u00fcnstig<\/h2>\n\n\n\n<p>Wir hoffen, dass Sie nun leichter bewusste und gesunde Entscheidungen treffen k\u00f6nnen. Und mit etwas Gl\u00fcck werden Sie das auch in Ihrem Geldbeutel bemerken. Noch ein kleiner Tipp: Setzen Sie ein Lesezeichen f\u00fcr diesen Artikel. So haben Sie ihn beim Einkaufen immer griffbereit und k\u00f6nnen schnell das Gem\u00fcse oder Obst der Saison f\u00fcr Februar finden.<\/p>\n\n\n\n<h4 class=\"wp-block-heading\">Weitere nachhaltige Tipps von thegreenlist.nl<\/h4>\n\n\n\n<ul class=\"wp-block-list\">\n<li>Nachhaltiger Lebensmitteleinkauf? <a href=\"https:\/\/www.thegreenlist.nl\/de\/nachhaltiges-einkaufen-hier-mussen-sie-sein\/\">Das ist der richtige Ort!<\/a><\/li>\n\n\n\n<li>Lebensmittelabf\u00e4lle bek\u00e4mpfen und Ihre Lebensmittel l\u00e4nger frisch halten? <a href=\"https:\/\/www.thegreenlist.nl\/de\/vakuumieren-sie-ihre-glaser-mit-dem-airtender\/\">Sehen Sie hier, wie man alte Gl\u00e4ser vakuumiert<\/a>. <\/li>\n\n\n\n<li>Sind Sie schon neugierig auf das Gem\u00fcse der Saison im M\u00e4rz? <a href=\"https:\/\/www.thegreenlist.nl\/de\/gemuse-der-saison-marz-welche-fruchte-und-gemuse-haben-im-marz-saison\/\">Sie k\u00f6nnen sie hier finden<\/a>. <br><br><\/li>\n<\/ul>\n\n\n\n<p class=\"has-small-font-size\"><em>Quellen: <\/em><em>Outdoor Living Feeling \u00fcber die Vorteile der saisonalen Ern\u00e4hrung<\/em><em>, <\/em><a href=\"https:\/\/www.ah.nl\/inspiratie\/duurzaamheid\/seizoensgroente-fruit\" target=\"_blank\" rel=\"noreferrer noopener\"><em>Albert Heijn \u00fcber die Vorteile von saisonalem Obst und Gem\u00fcse<\/em><\/a><em>, <\/em><a href=\"https:\/\/groentegroente.nl\/seizoensgroenten\/januari\/\" target=\"_blank\" rel=\"noreferrer noopener nofollow\"><em>Gem\u00fcseGroente.nl \u00fcber Gem\u00fcse der Saison nach L\u00e4ndern<\/em><\/a><em>, <a href=\"https:\/\/velt.nu\/seizoenskalender\/\" target=\"_blank\" rel=\"noreferrer noopener nofollow\">Velt's Saisonkalender f\u00fcr die Liste der saisonalen Gem\u00fcse und Fr\u00fcchte der Saison<\/a><\/em>. <em>Bildnachweis: Kirsten Marit Schoner und thegreenlist.nl.<\/em><\/p>","protected":false},"excerpt":{"rendered":"<p>Als je volgens het seizoen eet, is februari een karige maand. Februari is \u00e9\u00e9n van de maanden waar er het minste seizoensgroente en seizoensfruit beschikbaar is in Nederland. Gelukkig hoef je niet elke dag boerenkool te eten, want er zijn toch nog twintig andere soorten groenten beschikbaar. Februari is dus het ideale moment om nieuwe [&hellip;]<\/p>\n","protected":false},"author":13,"featured_media":26782,"comment_status":"open","ping_status":"open","sticky":false,"template":"","format":"standard","meta":{"wprm-recipe-roundup-name":"","wprm-recipe-roundup-description":"","_jetpack_memberships_contains_paid_content":false,"footnotes":""},"categories":[874,6],"tags":[195,485,1270],"class_list":["post-24705","post","type-post","status-publish","format-standard","has-post-thumbnail","hentry","category-voeding-boodschappen","category-koken-recepten","tag-boodschappentips","tag-seizoensgroenten","tag-seizoensfruit"],"yoast_head":"<!-- This site is optimized with the Yoast SEO plugin v27.3 - https:\/\/yoast.com\/product\/yoast-seo-wordpress\/ -->\n<title>Seizoensgroenten februari: welke groente en fruit zijn er in februari in het seizoen? - www.thegreenlist.nl<\/title>\n<meta name=\"description\" content=\"Februari is de ideale maand om nieuwe groenten uit te proberen. In dit artikel vind je alle seizoensgroenten en -fruit van februari.\" \/>\n<meta name=\"robots\" content=\"index, follow, max-snippet:-1, max-image-preview:large, max-video-preview:-1\" \/>\n<link rel=\"canonical\" href=\"https:\/\/www.thegreenlist.nl\/de\/saisongemuse-februar-welches-obst-und-gemuse-hat-im-februar-saison\/\" \/>\n<meta property=\"og:locale\" content=\"de_DE\" \/>\n<meta property=\"og:type\" content=\"article\" \/>\n<meta property=\"og:title\" content=\"Seizoensgroenten februari: welke groente en fruit zijn er in februari in het seizoen? - www.thegreenlist.nl\" \/>\n<meta property=\"og:description\" content=\"Februari is de ideale maand om nieuwe groenten uit te proberen. In dit artikel vind je alle seizoensgroenten en -fruit van februari.\" \/>\n<meta property=\"og:url\" content=\"https:\/\/www.thegreenlist.nl\/de\/saisongemuse-februar-welches-obst-und-gemuse-hat-im-februar-saison\/\" \/>\n<meta property=\"og:site_name\" content=\"www.thegreenlist.nl\" \/>\n<meta property=\"article:published_time\" content=\"2023-02-01T18:00:00+00:00\" \/>\n<meta property=\"article:modified_time\" content=\"2026-03-23T08:46:06+00:00\" \/>\n<meta property=\"og:image\" content=\"https:\/\/afbeeldingen.thegreenlist.nl\/uploads\/2023\/01\/seizoensgroenten-seizoensfruit-februari.jpg\" \/>\n\t<meta property=\"og:image:width\" content=\"1200\" \/>\n\t<meta property=\"og:image:height\" content=\"900\" \/>\n\t<meta property=\"og:image:type\" content=\"image\/jpeg\" \/>\n<meta name=\"author\" content=\"Kirsten Schoner\" \/>\n<meta name=\"twitter:card\" content=\"summary_large_image\" \/>\n<meta name=\"twitter:label1\" content=\"Verfasst von\" \/>\n\t<meta name=\"twitter:data1\" content=\"Kirsten Schoner\" \/>\n\t<meta name=\"twitter:label2\" content=\"Gesch\u00e4tzte Lesezeit\" \/>\n\t<meta name=\"twitter:data2\" content=\"9\u00a0Minuten\" \/>\n<script type=\"application\/ld+json\" class=\"yoast-schema-graph\">{\"@context\":\"https:\\\/\\\/schema.org\",\"@graph\":[{\"@type\":\"Article\",\"@id\":\"https:\\\/\\\/www.thegreenlist.nl\\\/seizoensgroenten-februari-welk-groente-en-fruit-zijn-er-in-februari-in-het-seizoen\\\/#article\",\"isPartOf\":{\"@id\":\"https:\\\/\\\/www.thegreenlist.nl\\\/seizoensgroenten-februari-welk-groente-en-fruit-zijn-er-in-februari-in-het-seizoen\\\/\"},\"author\":{\"name\":\"Kirsten Schoner\",\"@id\":\"https:\\\/\\\/www.thegreenlist.nl\\\/en\\\/#\\\/schema\\\/person\\\/96a760332cc255d319c81e93c69b2c2d\"},\"headline\":\"Seizoensgroenten februari: welke groente en fruit zijn er in februari in het seizoen?\",\"datePublished\":\"2023-02-01T18:00:00+00:00\",\"dateModified\":\"2026-03-23T08:46:06+00:00\",\"mainEntityOfPage\":{\"@id\":\"https:\\\/\\\/www.thegreenlist.nl\\\/seizoensgroenten-februari-welk-groente-en-fruit-zijn-er-in-februari-in-het-seizoen\\\/\"},\"wordCount\":1336,\"commentCount\":0,\"publisher\":{\"@id\":\"https:\\\/\\\/www.thegreenlist.nl\\\/en\\\/#organization\"},\"image\":{\"@id\":\"https:\\\/\\\/www.thegreenlist.nl\\\/seizoensgroenten-februari-welk-groente-en-fruit-zijn-er-in-februari-in-het-seizoen\\\/#primaryimage\"},\"thumbnailUrl\":\"https:\\\/\\\/afbeeldingen.thegreenlist.nl\\\/uploads\\\/2023\\\/01\\\/seizoensgroenten-seizoensfruit-februari.jpg\",\"keywords\":[\"boodschappentips\",\"seizoensgroenten\",\"seizoensfruit\"],\"articleSection\":[\"Voeding &amp; Boodschappen\",\"Koken &amp; Recepten\"],\"inLanguage\":\"de\",\"potentialAction\":[{\"@type\":\"CommentAction\",\"name\":\"Comment\",\"target\":[\"https:\\\/\\\/www.thegreenlist.nl\\\/seizoensgroenten-februari-welk-groente-en-fruit-zijn-er-in-februari-in-het-seizoen\\\/#respond\"]}]},{\"@type\":\"WebPage\",\"@id\":\"https:\\\/\\\/www.thegreenlist.nl\\\/seizoensgroenten-februari-welk-groente-en-fruit-zijn-er-in-februari-in-het-seizoen\\\/\",\"url\":\"https:\\\/\\\/www.thegreenlist.nl\\\/seizoensgroenten-februari-welk-groente-en-fruit-zijn-er-in-februari-in-het-seizoen\\\/\",\"name\":\"Seizoensgroenten februari: welke groente en fruit zijn er in februari in het seizoen? - www.thegreenlist.nl\",\"isPartOf\":{\"@id\":\"https:\\\/\\\/www.thegreenlist.nl\\\/en\\\/#website\"},\"primaryImageOfPage\":{\"@id\":\"https:\\\/\\\/www.thegreenlist.nl\\\/seizoensgroenten-februari-welk-groente-en-fruit-zijn-er-in-februari-in-het-seizoen\\\/#primaryimage\"},\"image\":{\"@id\":\"https:\\\/\\\/www.thegreenlist.nl\\\/seizoensgroenten-februari-welk-groente-en-fruit-zijn-er-in-februari-in-het-seizoen\\\/#primaryimage\"},\"thumbnailUrl\":\"https:\\\/\\\/afbeeldingen.thegreenlist.nl\\\/uploads\\\/2023\\\/01\\\/seizoensgroenten-seizoensfruit-februari.jpg\",\"datePublished\":\"2023-02-01T18:00:00+00:00\",\"dateModified\":\"2026-03-23T08:46:06+00:00\",\"description\":\"Februari is de ideale maand om nieuwe groenten uit te proberen. In dit artikel vind je alle seizoensgroenten en -fruit van februari.\",\"breadcrumb\":{\"@id\":\"https:\\\/\\\/www.thegreenlist.nl\\\/seizoensgroenten-februari-welk-groente-en-fruit-zijn-er-in-februari-in-het-seizoen\\\/#breadcrumb\"},\"inLanguage\":\"de\",\"potentialAction\":[{\"@type\":\"ReadAction\",\"target\":[\"https:\\\/\\\/www.thegreenlist.nl\\\/seizoensgroenten-februari-welk-groente-en-fruit-zijn-er-in-februari-in-het-seizoen\\\/\"]}]},{\"@type\":\"ImageObject\",\"inLanguage\":\"de\",\"@id\":\"https:\\\/\\\/www.thegreenlist.nl\\\/seizoensgroenten-februari-welk-groente-en-fruit-zijn-er-in-februari-in-het-seizoen\\\/#primaryimage\",\"url\":\"https:\\\/\\\/afbeeldingen.thegreenlist.nl\\\/uploads\\\/2023\\\/01\\\/seizoensgroenten-seizoensfruit-februari.jpg\",\"contentUrl\":\"https:\\\/\\\/afbeeldingen.thegreenlist.nl\\\/uploads\\\/2023\\\/01\\\/seizoensgroenten-seizoensfruit-februari.jpg\",\"width\":1200,\"height\":900,\"caption\":\"Seizoensgroenten en seizoensfruit van februari.\"},{\"@type\":\"BreadcrumbList\",\"@id\":\"https:\\\/\\\/www.thegreenlist.nl\\\/seizoensgroenten-februari-welk-groente-en-fruit-zijn-er-in-februari-in-het-seizoen\\\/#breadcrumb\",\"itemListElement\":[{\"@type\":\"ListItem\",\"position\":1,\"name\":\"Home\",\"item\":\"https:\\\/\\\/www.thegreenlist.nl\\\/\"},{\"@type\":\"ListItem\",\"position\":2,\"name\":\"Seizoensgroenten februari: welke groente en fruit zijn er in februari in het seizoen?\"}]},{\"@type\":\"WebSite\",\"@id\":\"https:\\\/\\\/www.thegreenlist.nl\\\/en\\\/#website\",\"url\":\"https:\\\/\\\/www.thegreenlist.nl\\\/en\\\/\",\"name\":\"www.thegreenlist.nl\",\"description\":\"Alles voor een groenere lifestyle\",\"publisher\":{\"@id\":\"https:\\\/\\\/www.thegreenlist.nl\\\/en\\\/#organization\"},\"potentialAction\":[{\"@type\":\"SearchAction\",\"target\":{\"@type\":\"EntryPoint\",\"urlTemplate\":\"https:\\\/\\\/www.thegreenlist.nl\\\/en\\\/?s={search_term_string}\"},\"query-input\":{\"@type\":\"PropertyValueSpecification\",\"valueRequired\":true,\"valueName\":\"search_term_string\"}}],\"inLanguage\":\"de\"},{\"@type\":\"Organization\",\"@id\":\"https:\\\/\\\/www.thegreenlist.nl\\\/en\\\/#organization\",\"name\":\"www.thegreenlist.nl\",\"url\":\"https:\\\/\\\/www.thegreenlist.nl\\\/en\\\/\",\"logo\":{\"@type\":\"ImageObject\",\"inLanguage\":\"de\",\"@id\":\"https:\\\/\\\/www.thegreenlist.nl\\\/en\\\/#\\\/schema\\\/logo\\\/image\\\/\",\"url\":\"https:\\\/\\\/afbeeldingen.thegreenlist.nl\\\/uploads\\\/2022\\\/01\\\/Middel-1-100.jpg\",\"contentUrl\":\"https:\\\/\\\/afbeeldingen.thegreenlist.nl\\\/uploads\\\/2022\\\/01\\\/Middel-1-100.jpg\",\"width\":342,\"height\":342,\"caption\":\"www.thegreenlist.nl\"},\"image\":{\"@id\":\"https:\\\/\\\/www.thegreenlist.nl\\\/en\\\/#\\\/schema\\\/logo\\\/image\\\/\"}},{\"@type\":\"Person\",\"@id\":\"https:\\\/\\\/www.thegreenlist.nl\\\/en\\\/#\\\/schema\\\/person\\\/96a760332cc255d319c81e93c69b2c2d\",\"name\":\"Kirsten Schoner\",\"image\":{\"@type\":\"ImageObject\",\"inLanguage\":\"de\",\"@id\":\"https:\\\/\\\/afbeeldingen.thegreenlist.nl\\\/uploads\\\/2024\\\/11\\\/Kirsten-thegreenlistnl-100x100.jpg\",\"url\":\"https:\\\/\\\/afbeeldingen.thegreenlist.nl\\\/uploads\\\/2024\\\/11\\\/Kirsten-thegreenlistnl-100x100.jpg\",\"contentUrl\":\"https:\\\/\\\/afbeeldingen.thegreenlist.nl\\\/uploads\\\/2024\\\/11\\\/Kirsten-thegreenlistnl-100x100.jpg\",\"caption\":\"Kirsten Schoner\"},\"description\":\"Kirsten schrijft graag over duurzaam ouderschap. Als content manager is ze een stille kracht achter het online magazine. Dit doet ze vanuit Oostenrijk waar ze met haar man en twee dochters zo duurzaam mogelijk probeert te leven.\",\"url\":\"https:\\\/\\\/www.thegreenlist.nl\\\/de\\\/author\\\/kirsten\\\/\"}]}<\/script>\n<!-- \/ Yoast SEO plugin. -->","yoast_head_json":{"title":"Gem\u00fcse der Saison im Februar: Welches Obst und Gem\u00fcse hat im Februar Saison? - www.thegreenlist.nl","description":"Der Februar ist der ideale Monat, um neue Gem\u00fcsesorten auszuprobieren. In diesem Artikel finden Sie alle Gem\u00fcse- und Obstsorten der Saison im Februar.","robots":{"index":"index","follow":"follow","max-snippet":"max-snippet:-1","max-image-preview":"max-image-preview:large","max-video-preview":"max-video-preview:-1"},"canonical":"https:\/\/www.thegreenlist.nl\/de\/saisongemuse-februar-welches-obst-und-gemuse-hat-im-februar-saison\/","og_locale":"de_DE","og_type":"article","og_title":"Seizoensgroenten februari: welke groente en fruit zijn er in februari in het seizoen? - www.thegreenlist.nl","og_description":"Februari is de ideale maand om nieuwe groenten uit te proberen. In dit artikel vind je alle seizoensgroenten en -fruit van februari.","og_url":"https:\/\/www.thegreenlist.nl\/de\/saisongemuse-februar-welches-obst-und-gemuse-hat-im-februar-saison\/","og_site_name":"www.thegreenlist.nl","article_published_time":"2023-02-01T18:00:00+00:00","article_modified_time":"2026-03-23T08:46:06+00:00","og_image":[{"width":1200,"height":900,"url":"https:\/\/afbeeldingen.thegreenlist.nl\/uploads\/2023\/01\/seizoensgroenten-seizoensfruit-februari.jpg","type":"image\/jpeg"}],"author":"Kirsten Schoner","twitter_card":"summary_large_image","twitter_misc":{"Verfasst von":"Kirsten Schoner","Gesch\u00e4tzte Lesezeit":"9\u00a0Minuten"},"schema":{"@context":"https:\/\/schema.org","@graph":[{"@type":"Article","@id":"https:\/\/www.thegreenlist.nl\/seizoensgroenten-februari-welk-groente-en-fruit-zijn-er-in-februari-in-het-seizoen\/#article","isPartOf":{"@id":"https:\/\/www.thegreenlist.nl\/seizoensgroenten-februari-welk-groente-en-fruit-zijn-er-in-februari-in-het-seizoen\/"},"author":{"name":"Kirsten Schoner","@id":"https:\/\/www.thegreenlist.nl\/en\/#\/schema\/person\/96a760332cc255d319c81e93c69b2c2d"},"headline":"Seizoensgroenten februari: welke groente en fruit zijn er in februari in het seizoen?","datePublished":"2023-02-01T18:00:00+00:00","dateModified":"2026-03-23T08:46:06+00:00","mainEntityOfPage":{"@id":"https:\/\/www.thegreenlist.nl\/seizoensgroenten-februari-welk-groente-en-fruit-zijn-er-in-februari-in-het-seizoen\/"},"wordCount":1336,"commentCount":0,"publisher":{"@id":"https:\/\/www.thegreenlist.nl\/en\/#organization"},"image":{"@id":"https:\/\/www.thegreenlist.nl\/seizoensgroenten-februari-welk-groente-en-fruit-zijn-er-in-februari-in-het-seizoen\/#primaryimage"},"thumbnailUrl":"https:\/\/afbeeldingen.thegreenlist.nl\/uploads\/2023\/01\/seizoensgroenten-seizoensfruit-februari.jpg","keywords":["boodschappentips","seizoensgroenten","seizoensfruit"],"articleSection":["Voeding &amp; Boodschappen","Koken &amp; Recepten"],"inLanguage":"de","potentialAction":[{"@type":"CommentAction","name":"Comment","target":["https:\/\/www.thegreenlist.nl\/seizoensgroenten-februari-welk-groente-en-fruit-zijn-er-in-februari-in-het-seizoen\/#respond"]}]},{"@type":"WebPage","@id":"https:\/\/www.thegreenlist.nl\/seizoensgroenten-februari-welk-groente-en-fruit-zijn-er-in-februari-in-het-seizoen\/","url":"https:\/\/www.thegreenlist.nl\/seizoensgroenten-februari-welk-groente-en-fruit-zijn-er-in-februari-in-het-seizoen\/","name":"Gem\u00fcse der Saison im Februar: Welches Obst und Gem\u00fcse hat im Februar Saison? - www.thegreenlist.nl","isPartOf":{"@id":"https:\/\/www.thegreenlist.nl\/en\/#website"},"primaryImageOfPage":{"@id":"https:\/\/www.thegreenlist.nl\/seizoensgroenten-februari-welk-groente-en-fruit-zijn-er-in-februari-in-het-seizoen\/#primaryimage"},"image":{"@id":"https:\/\/www.thegreenlist.nl\/seizoensgroenten-februari-welk-groente-en-fruit-zijn-er-in-februari-in-het-seizoen\/#primaryimage"},"thumbnailUrl":"https:\/\/afbeeldingen.thegreenlist.nl\/uploads\/2023\/01\/seizoensgroenten-seizoensfruit-februari.jpg","datePublished":"2023-02-01T18:00:00+00:00","dateModified":"2026-03-23T08:46:06+00:00","description":"Der Februar ist der ideale Monat, um neue Gem\u00fcsesorten auszuprobieren. In diesem Artikel finden Sie alle Gem\u00fcse- und Obstsorten der Saison im Februar.","breadcrumb":{"@id":"https:\/\/www.thegreenlist.nl\/seizoensgroenten-februari-welk-groente-en-fruit-zijn-er-in-februari-in-het-seizoen\/#breadcrumb"},"inLanguage":"de","potentialAction":[{"@type":"ReadAction","target":["https:\/\/www.thegreenlist.nl\/seizoensgroenten-februari-welk-groente-en-fruit-zijn-er-in-februari-in-het-seizoen\/"]}]},{"@type":"ImageObject","inLanguage":"de","@id":"https:\/\/www.thegreenlist.nl\/seizoensgroenten-februari-welk-groente-en-fruit-zijn-er-in-februari-in-het-seizoen\/#primaryimage","url":"https:\/\/afbeeldingen.thegreenlist.nl\/uploads\/2023\/01\/seizoensgroenten-seizoensfruit-februari.jpg","contentUrl":"https:\/\/afbeeldingen.thegreenlist.nl\/uploads\/2023\/01\/seizoensgroenten-seizoensfruit-februari.jpg","width":1200,"height":900,"caption":"Seizoensgroenten en seizoensfruit van februari."},{"@type":"BreadcrumbList","@id":"https:\/\/www.thegreenlist.nl\/seizoensgroenten-februari-welk-groente-en-fruit-zijn-er-in-februari-in-het-seizoen\/#breadcrumb","itemListElement":[{"@type":"ListItem","position":1,"name":"Home","item":"https:\/\/www.thegreenlist.nl\/"},{"@type":"ListItem","position":2,"name":"Seizoensgroenten februari: welke groente en fruit zijn er in februari in het seizoen?"}]},{"@type":"WebSite","@id":"https:\/\/www.thegreenlist.nl\/en\/#website","url":"https:\/\/www.thegreenlist.nl\/en\/","name":"www.thegreenlist.nl","description":"Alles f\u00fcr einen gr\u00fcneren Lebensstil","publisher":{"@id":"https:\/\/www.thegreenlist.nl\/en\/#organization"},"potentialAction":[{"@type":"SearchAction","target":{"@type":"EntryPoint","urlTemplate":"https:\/\/www.thegreenlist.nl\/en\/?s={search_term_string}"},"query-input":{"@type":"PropertyValueSpecification","valueRequired":true,"valueName":"search_term_string"}}],"inLanguage":"de"},{"@type":"Organization","@id":"https:\/\/www.thegreenlist.nl\/en\/#organization","name":"www.thegreenlist.nl","url":"https:\/\/www.thegreenlist.nl\/en\/","logo":{"@type":"ImageObject","inLanguage":"de","@id":"https:\/\/www.thegreenlist.nl\/en\/#\/schema\/logo\/image\/","url":"https:\/\/afbeeldingen.thegreenlist.nl\/uploads\/2022\/01\/Middel-1-100.jpg","contentUrl":"https:\/\/afbeeldingen.thegreenlist.nl\/uploads\/2022\/01\/Middel-1-100.jpg","width":342,"height":342,"caption":"www.thegreenlist.nl"},"image":{"@id":"https:\/\/www.thegreenlist.nl\/en\/#\/schema\/logo\/image\/"}},{"@type":"Person","@id":"https:\/\/www.thegreenlist.nl\/en\/#\/schema\/person\/96a760332cc255d319c81e93c69b2c2d","name":"Kirsten Schoner","image":{"@type":"ImageObject","inLanguage":"de","@id":"https:\/\/afbeeldingen.thegreenlist.nl\/uploads\/2024\/11\/Kirsten-thegreenlistnl-100x100.jpg","url":"https:\/\/afbeeldingen.thegreenlist.nl\/uploads\/2024\/11\/Kirsten-thegreenlistnl-100x100.jpg","contentUrl":"https:\/\/afbeeldingen.thegreenlist.nl\/uploads\/2024\/11\/Kirsten-thegreenlistnl-100x100.jpg","caption":"Kirsten Schoner"},"description":"Kirsten schreibt gerne \u00fcber nachhaltige Kindererziehung. Als Content Managerin ist sie die stille Kraft hinter dem Online-Magazin. Sie tut dies von \u00d6sterreich aus, wo sie mit ihrem Mann und ihren beiden T\u00f6chtern versucht, so nachhaltig wie m\u00f6glich zu leben.","url":"https:\/\/www.thegreenlist.nl\/de\/author\/kirsten\/"}]}},"jetpack_featured_media_url":"https:\/\/afbeeldingen.thegreenlist.nl\/uploads\/2023\/01\/seizoensgroenten-seizoensfruit-februari.jpg","jetpack_sharing_enabled":true,"_links":{"self":[{"href":"https:\/\/www.thegreenlist.nl\/de\/wp-json\/wp\/v2\/posts\/24705","targetHints":{"allow":["GET"]}}],"collection":[{"href":"https:\/\/www.thegreenlist.nl\/de\/wp-json\/wp\/v2\/posts"}],"about":[{"href":"https:\/\/www.thegreenlist.nl\/de\/wp-json\/wp\/v2\/types\/post"}],"author":[{"embeddable":true,"href":"https:\/\/www.thegreenlist.nl\/de\/wp-json\/wp\/v2\/users\/13"}],"replies":[{"embeddable":true,"href":"https:\/\/www.thegreenlist.nl\/de\/wp-json\/wp\/v2\/comments?post=24705"}],"version-history":[{"count":1,"href":"https:\/\/www.thegreenlist.nl\/de\/wp-json\/wp\/v2\/posts\/24705\/revisions"}],"predecessor-version":[{"id":66598,"href":"https:\/\/www.thegreenlist.nl\/de\/wp-json\/wp\/v2\/posts\/24705\/revisions\/66598"}],"wp:featuredmedia":[{"embeddable":true,"href":"https:\/\/www.thegreenlist.nl\/de\/wp-json\/wp\/v2\/media\/26782"}],"wp:attachment":[{"href":"https:\/\/www.thegreenlist.nl\/de\/wp-json\/wp\/v2\/media?parent=24705"}],"wp:term":[{"taxonomy":"category","embeddable":true,"href":"https:\/\/www.thegreenlist.nl\/de\/wp-json\/wp\/v2\/categories?post=24705"},{"taxonomy":"post_tag","embeddable":true,"href":"https:\/\/www.thegreenlist.nl\/de\/wp-json\/wp\/v2\/tags?post=24705"}],"curies":[{"name":"wp","href":"https:\/\/api.w.org\/{rel}","templated":true}]}}