{"id":28332,"date":"2023-06-01T06:00:00","date_gmt":"2023-06-01T04:00:00","guid":{"rendered":"https:\/\/www.thegreenlist.nl\/?p=28332"},"modified":"2025-11-26T16:18:46","modified_gmt":"2025-11-26T15:18:46","slug":"obst-der-saison-juni-welche-fruchte-und-gemuse-haben-im-juni-saison","status":"publish","type":"post","link":"https:\/\/www.thegreenlist.nl\/de\/seizoensfruit-juni-welk-fruit-en-groente-zijn-er-in-juni-in-het-seizoen\/","title":{"rendered":"Saisonales Obst Juni: Welches Obst und Gem\u00fcse hat im Juni Saison?"},"content":{"rendered":"<div id=\"bsf_rt_marker\"><\/div>\n<p><strong>Dieser Monat markiert den Beginn des Sommers! Das zeigt sich vor allem an der Menge der Fr\u00fcchte, die im Juni in den Niederlanden Saison haben. W\u00e4hrend im Mai nur zwei Obstsorten Saison hatten, sind es im Juni nicht weniger als zehn. Es gibt also reichlich Auswahl f\u00fcr einen leckeren Obstsalat oder einen erfrischenden Smoothie. Der Juni h\u00e4lt auch einige neue Gem\u00fcsesorten der Saison f\u00fcr Sie bereit. In diesem Artikel stellen wir Ihnen die Obst- und Gem\u00fcsesorten vor, die im Juni Saison haben.<\/strong><\/p>\n\n\n\n<!--more-->\n\n\n\n<h2 class=\"wp-block-heading\">Genie\u00dfen Sie im Juni saisonale Fr\u00fcchte aus den Niederlanden<\/h2>\n\n\n\n<p class=\"has-small-font-size\"><em>Dank an Crisp f\u00fcr die saisonalen Produkte<\/em><\/p>\n\n\n\n<p>W\u00e4hrend in den vergangenen Monaten haupts\u00e4chlich Gem\u00fcse aus niederl\u00e4ndischem Boden erh\u00e4ltlich war, wachsen in diesem Monat auch viele verschiedene Obstsorten in den Niederlanden. Leckere Sommerfr\u00fcchte wie Beeren, Himbeeren, Aprikosen, Nektarinen und Pfirsiche haben in diesem Monat Saison. Genie\u00dfen Sie sie besonders, denn es gibt nur wenige Monate, in denen viele verschiedene Obstsorten auf niederl\u00e4ndischem Boden oder in unbeheizten Gew\u00e4chsh\u00e4usern in den Niederlanden wachsen k\u00f6nnen. Ich habe f\u00fcr Sie die besten Ideen f\u00fcr die Verwendung und Lagerung von Obst der Saison im Juni herausgesucht, damit Sie das Beste daraus machen k\u00f6nnen.<\/p>\n\n\n\n<div class=\"wp-block-jetpack-tiled-gallery aligncenter is-style-rectangular\"><div class=\"\"><div class=\"tiled-gallery__gallery\"><div class=\"tiled-gallery__row\"><div class=\"tiled-gallery__col\" style=\"flex-basis:38.07155%\"><figure class=\"tiled-gallery__item\"><img decoding=\"async\" srcset=\"https:\/\/i0.wp.com\/afbeeldingen.thegreenlist.nl\/uploads\/2023\/05\/saskia-greenlist-seizoensgroenten-juni.jpg?strip=info&#038;w=600&#038;ssl=1 600w\" alt=\"Ein Tisch mit saisonalem Juni-Gem\u00fcse und Obst wie Radieschen, Karotten, Blumenkohl, Rhabarber, Spargel und Lauch.\" data-height=\"733\" data-id=\"29909\" data-link=\"https:\/\/www.thegreenlist.nl\/seizoensfruit-juni-welk-fruit-en-groente-zijn-er-in-juni-in-het-seizoen\/saskia-greenlist-seizoensgroenten-juni\/\" data-url=\"https:\/\/afbeeldingen.thegreenlist.nl\/uploads\/2023\/05\/saskia-greenlist-seizoensgroenten-juni.jpg\" data-width=\"600\" src=\"https:\/\/i0.wp.com\/afbeeldingen.thegreenlist.nl\/uploads\/2023\/05\/saskia-greenlist-seizoensgroenten-juni.jpg?ssl=1\" data-amp-layout=\"responsive\" tabindex=\"0\" role=\"button\" aria-label=\"Bild 1 oder 2 im Vollbildmodus \u00f6ffnen\"\/><\/figure><\/div><div class=\"tiled-gallery__col\" style=\"flex-basis:61.92845%\"><figure class=\"tiled-gallery__item\"><img decoding=\"async\" srcset=\"https:\/\/i0.wp.com\/afbeeldingen.thegreenlist.nl\/uploads\/2023\/05\/seizoensgroenten-seizoensfruit-juni.jpg?strip=info&#038;w=600&#038;ssl=1 600w,https:\/\/i0.wp.com\/afbeeldingen.thegreenlist.nl\/uploads\/2023\/05\/seizoensgroenten-seizoensfruit-juni.jpg?strip=info&#038;w=900&#038;ssl=1 900w\" alt=\"Saisonales Juni-Gem\u00fcse und Obst wie Tomaten, Pfirsiche, Rote Bete, Erdbeeren, Rhabarber, Karotten und Heidelbeeren.\" data-height=\"675\" data-id=\"29912\" data-link=\"https:\/\/www.thegreenlist.nl\/seizoensfruit-juni-welk-fruit-en-groente-zijn-er-in-juni-in-het-seizoen\/seizoensgroenten-seizoensfruit-juni\/\" data-url=\"https:\/\/afbeeldingen.thegreenlist.nl\/uploads\/2023\/05\/seizoensgroenten-seizoensfruit-juni.jpg\" data-width=\"900\" src=\"https:\/\/i0.wp.com\/afbeeldingen.thegreenlist.nl\/uploads\/2023\/05\/seizoensgroenten-seizoensfruit-juni.jpg?ssl=1\" data-amp-layout=\"responsive\" tabindex=\"0\" role=\"button\" aria-label=\"Bild 2 oder 2 im Vollbildmodus \u00f6ffnen\"\/><\/figure><\/div><\/div><\/div><\/div><\/div>\n\n\n\n<p class=\"has-small-font-size\"><em>Als wir die Fotos f\u00fcr diesen Artikel Ende Mai aufnahmen, waren leider noch nicht alle saisonalen Fr\u00fcchte und Gem\u00fcse aus der Liste erh\u00e4ltlich. Daher zeigen die Fotos auch einige Produkte aus Europa. Wir vermuten, dass dies auch mit dem kalten Wetter in diesem Fr\u00fchjahr zu tun hat. Hoffentlich sind diese Produkte bald in den Niederlanden erh\u00e4ltlich, da sie hier normalerweise wachsen!<\/em>  <\/p>\n\n\n\n<h2 class=\"wp-block-heading\">Die Vorteile von Obst und Gem\u00fcse der Saison<\/h2>\n\n\n\n<p>Die Superm\u00e4rkte sind voll von Obst und Gem\u00fcse. Warum sollte man sich die M\u00fche machen, darauf zu achten, welches Obst oder Gem\u00fcse in den Niederlanden gerade Saison hat? Zum einen ist das besser f\u00fcr die Umwelt. Obst und Gem\u00fcse, das einen l\u00e4ngeren Transportweg hat oder in beheizten Gew\u00e4chsh\u00e4usern angebaut wird, hat im Allgemeinen eine gr\u00f6\u00dfere Umweltbelastung. Aber wussten Sie auch, dass saisonales Obst und Gem\u00fcse besser f\u00fcr Ihre Gesundheit ist? Weil der Transportweg k\u00fcrzer ist, sind die Fr\u00fcchte oder das Gem\u00fcse reifer, bevor sie geerntet werden. Dadurch gehen weniger N\u00e4hrstoffe verloren. Saisonales Obst und Gem\u00fcse enth\u00e4lt auch mehr N\u00e4hrstoffe, weil es weniger lange gelagert wird. Au\u00dferdem werden oft weniger Pestizide eingesetzt, da sie weniger anf\u00e4llig f\u00fcr Krankheiten sind. Und schlie\u00dflich ist es in der Regel viel billiger, Obst und Gem\u00fcse der Saison zu kaufen.<\/p>\n\n\n\n<h2 class=\"wp-block-heading\">Obst und Gem\u00fcse aus den Niederlanden sind nicht immer die nachhaltigste Wahl<\/h2>\n\n\n\n<p>Da Sie nun von den Vorteilen von saisonalem Obst und Gem\u00fcse \u00fcberzeugt sind, k\u00f6nnen Sie beim Einkaufen darauf achten. Da das Herkunftsland auf der Verpackung angegeben ist, entscheiden Sie sich vielleicht daf\u00fcr, Obst oder Gem\u00fcse aus den Niederlanden zu kaufen. Leider ist dies nicht immer die nachhaltigste Wahl. Denn im Supermarkt k\u00f6nnen Sie nicht erkennen, ob das Obst oder Gem\u00fcse in einem beheizten Gew\u00e4chshaus angebaut wurde. Ein Salatkopf aus den Niederlanden kann zum Beispiel im Juli die nachhaltigste Wahl sein, w\u00e4hrend im Januar ein Salatkopf aus Spanien nachhaltiger ist, weil er im Freien w\u00e4chst. Ziemlich verwirrend, oder? Um es Ihnen leichter zu machen, haben wir f\u00fcr Sie herausgefunden, welche Obst- und Gem\u00fcsesorten in den Niederlanden in voller Erde oder in unbeheizten Gew\u00e4chsh\u00e4usern wachsen. Im Juni sind dies die folgenden Obst- und Gem\u00fcsesorten:<\/p>\n\n\n\n<h3 class=\"wp-block-heading\">Niederl\u00e4ndisches Gem\u00fcse der Saison Juni:<\/h3>\n\n\n\n<ul class=\"wp-block-list\">\n<li><strong>Kartoffel<\/strong> (Inspirationsrezept: <a href=\"https:\/\/www.thegreenlist.nl\/de\/kinderfreundliches-veganes-rezept-tikka-masala-mit-linsen-paprika-und-kartoffeln\/\">Tikka-Masala mit Linsen, Paprika und Kartoffeln<\/a>)<\/li>\n\n\n\n<li><strong>Endivie<\/strong><\/li>\n\n\n\n<li><strong>Artischocke<\/strong><\/li>\n\n\n\n<li><strong>Spargel<\/strong> - (Inspirationsrezept: <a href=\"https:\/\/www.thegreenlist.nl\/de\/gruner-spargel-vom-vegetarischen-grill\/\">Gr\u00fcner Spargel vom vegetarischen Grill<\/a>. Spargel hat nur in diesem Monat Saison. Wie man Spargel lagert, lesen Sie in <a href=\"https:\/\/www.thegreenlist.nl\/de\/gemuse-der-saison-mai-welche-fruchte-und-gemuse-haben-im-mai-saison\/\">Artikel Obst und Gem\u00fcse der Saison Mai<\/a>)<\/li>\n\n\n\n<li><strong>Blumenkohl<\/strong> - (Inspirationsrezept:&nbsp;<a href=\"https:\/\/www.thegreenlist.nl\/de\/rezept-ganzer-gerosteter-blumenkohl-aus-dem-ofen\/\">ganzer ger\u00f6steter Blumenkohl aus dem Ofen<\/a>)<\/li>\n\n\n\n<li><strong>Brokkoli<\/strong> - (Inspirationsrezept: <a href=\"https:\/\/www.thegreenlist.nl\/de\/einfaches-rezept-fur-das-leckerste-pfannengemuse\/\">einfaches Rezept f\u00fcr das leckerste Pfannengem\u00fcse<\/a>)<\/li>\n\n\n\n<li><strong>Erbsen<\/strong><\/li>\n\n\n\n<li><strong>Gr\u00fcner Staudensellerie<\/strong><\/li>\n\n\n\n<li><strong>Kohlrabi<\/strong><\/li>\n\n\n\n<li><strong>Kopfsalat<\/strong><\/li>\n\n\n\n<li><strong>Pak Choi<\/strong><\/li>\n\n\n\n<li><strong>Mangetout<\/strong><\/li>\n\n\n\n<li><strong>Lauch<\/strong> (Inspirationsrezept: <a href=\"https:\/\/www.thegreenlist.nl\/de\/einfaches-rezept-fur-eine-cremige-sellerie-lauch-suppe\/\">Rahmige Sellerie-Lauch-Suppe<\/a>)<\/li>\n\n\n\n<li><strong>R\u00fcbe<\/strong><\/li>\n\n\n\n<li><strong>Rettich<\/strong><\/li>\n\n\n\n<li><strong>Rote Beete<\/strong><\/li>\n\n\n\n<li><strong>Wirsingkohl<\/strong><\/li>\n\n\n\n<li><strong>gr\u00fcne Bohne<\/strong> (Inspirationsrezept: <a href=\"https:\/\/www.thegreenlist.nl\/de\/einfaches-veganes-rezept-grune-bohnen-kartoffel-curry\/\">Curry mit gr\u00fcnen Bohnen und Kartoffeln<\/a>)<\/li>\n\n\n\n<li><strong>Spinat<\/strong> (Inspirationsrezept: <a href=\"https:\/\/www.thegreenlist.nl\/de\/veganes-curry-rezept-wurziger-spinat\/\">Gew\u00fcrzspinat nach indischer Art<\/a>)<\/li>\n\n\n\n<li><strong>Spitzkohl<\/strong> (Inspirationsrezept: <a href=\"https:\/\/www.thegreenlist.nl\/de\/vegan-rendang-recept-spitskool\/\">veganes Rendang mit Spitzkohl<\/a>)<\/li>\n\n\n\n<li><strong>Tomate<\/strong> (Inspirationsrezept: <a href=\"https:\/\/www.thegreenlist.nl\/de\/gnocchi-mit-gemuse-in-tomatensauce\/\">vegane Gnocchi mit Gem\u00fcse in Tomatensauce<\/a>)<\/li>\n\n\n\n<li><strong>Saubohne<\/strong><\/li>\n\n\n\n<li><strong>Zwiebel<\/strong> (Inspirationsrezept: <a href=\"https:\/\/www.thegreenlist.nl\/de\/rezept-vegane-linsensuppe\/\">vegane Linsensuppe<\/a>)<\/li>\n\n\n\n<li><strong>Fenchel<\/strong><\/li>\n\n\n\n<li><strong>Kriegshelden<\/strong><\/li>\n\n\n\n<li><strong>Brunnenkresse<\/strong><\/li>\n\n\n\n<li><strong>Wurzel<\/strong> (Inspirationsrezept: <a href=\"https:\/\/www.thegreenlist.nl\/de\/wortel-recept-wortels-op-marokkaanse-wijze\/\">M\u00f6hren nach marokkanischer Art<\/a>)<\/li>\n\n\n\n<li><strong>Sommerportulak<\/strong><br><br><\/li>\n<\/ul>\n\n\n\n<h3 class=\"wp-block-heading\">Niederl\u00e4ndisches Obst der Saison Juni:<\/h3>\n\n\n\n<ul class=\"wp-block-list\">\n<li><strong>Erdbeere<\/strong><\/li>\n\n\n\n<li><strong>Aprikose<\/strong><\/li>\n\n\n\n<li><strong>Blaubeere<\/strong><\/li>\n\n\n\n<li><strong>Himbeere<\/strong><\/li>\n\n\n\n<li><strong>Kirsche<\/strong><\/li>\n\n\n\n<li><strong>Nektarine<\/strong><\/li>\n\n\n\n<li><strong>Pfirsich<\/strong><\/li>\n\n\n\n<li><strong>Rhabarber<\/strong><\/li>\n\n\n\n<li><strong>rote Johannisbeere<\/strong><\/li>\n\n\n\n<li><strong>Schwarze Johannisbeere<\/strong><br><br><\/li>\n<\/ul>\n\n\n\n<div class=\"wp-block-jetpack-tiled-gallery aligncenter is-style-rectangular\"><div class=\"\"><div class=\"tiled-gallery__gallery\"><div class=\"tiled-gallery__row\"><div class=\"tiled-gallery__col\" style=\"flex-basis:43.75063%\"><figure class=\"tiled-gallery__item\"><img decoding=\"async\" srcset=\"https:\/\/i0.wp.com\/afbeeldingen.thegreenlist.nl\/uploads\/2023\/05\/seizoensfruit-juni.jpg?strip=info&#038;w=600&#038;ssl=1 600w\" alt=\"Obst der Saison im Juni wie holl\u00e4ndische Erdbeeren, Pfirsich, Heidelbeeren.\" data-height=\"579\" data-id=\"29910\" data-link=\"https:\/\/www.thegreenlist.nl\/seizoensfruit-juni-welk-fruit-en-groente-zijn-er-in-juni-in-het-seizoen\/seizoensfruit-juni\/\" data-url=\"https:\/\/afbeeldingen.thegreenlist.nl\/uploads\/2023\/05\/seizoensfruit-juni.jpg\" data-width=\"600\" src=\"https:\/\/i0.wp.com\/afbeeldingen.thegreenlist.nl\/uploads\/2023\/05\/seizoensfruit-juni.jpg?ssl=1\" data-amp-layout=\"responsive\" tabindex=\"0\" role=\"button\" aria-label=\"Bild 1 oder 2 im Vollbildmodus \u00f6ffnen\"\/><\/figure><\/div><div class=\"tiled-gallery__col\" style=\"flex-basis:56.24937%\"><figure class=\"tiled-gallery__item\"><img decoding=\"async\" srcset=\"https:\/\/i0.wp.com\/afbeeldingen.thegreenlist.nl\/uploads\/2023\/05\/jam-seizoensfruit-juni.jpg?strip=info&#038;w=600&#038;ssl=1 600w,https:\/\/i0.wp.com\/afbeeldingen.thegreenlist.nl\/uploads\/2023\/05\/jam-seizoensfruit-juni.jpg?strip=info&#038;w=900&#038;ssl=1 900w\" alt=\"Selbstgemachte Marmelade ist lecker und billig.\" data-height=\"675\" data-id=\"29908\" data-link=\"https:\/\/www.thegreenlist.nl\/seizoensfruit-juni-welk-fruit-en-groente-zijn-er-in-juni-in-het-seizoen\/jam-seizoensfruit-juni\/\" data-url=\"https:\/\/afbeeldingen.thegreenlist.nl\/uploads\/2023\/05\/jam-seizoensfruit-juni.jpg\" data-width=\"900\" src=\"https:\/\/i0.wp.com\/afbeeldingen.thegreenlist.nl\/uploads\/2023\/05\/jam-seizoensfruit-juni.jpg?ssl=1\" data-amp-layout=\"responsive\" tabindex=\"0\" role=\"button\" aria-label=\"Bild 2 oder 2 im Vollbildmodus \u00f6ffnen\"\/><\/figure><\/div><\/div><\/div><\/div><\/div>\n\n\n\n<p class=\"has-small-font-size\"><em>Aus Junifr\u00fcchten lassen sich auch k\u00f6stliche Marmeladen herstellen. So k\u00f6nnen Sie das Sommerobst noch monatelang genie\u00dfen!<\/em><\/p>\n\n\n\n<h2 class=\"wp-block-heading\">Tipps f\u00fcr die Verwendung und Konservierung der Fr\u00fcchte der Saison im Juni<\/h2>\n\n\n\n<p>Da die niederl\u00e4ndische Obstsaison nur kurz ist, m\u00f6chte man nat\u00fcrlich das Beste daraus machen. Deshalb habe ich einige Ideen f\u00fcr Sie, was Sie tun k\u00f6nnen, wenn Sie mehr Obst im Haus haben, als Sie essen k\u00f6nnen:<\/p>\n\n\n\n<ul class=\"wp-block-list\">\n<li>Machen Sie aus \u00fcberreifen Fr\u00fcchten einen leckeren Smoothie.<\/li>\n\n\n\n<li>Versuchen Sie, Ihre eigene Marmelade herzustellen. Daf\u00fcr gibt es im Juni viele saisonale Fr\u00fcchte wie Erdbeeren, Aprikosen, Himbeeren oder Beeren.<\/li>\n\n\n\n<li>Wenn die Temperaturen steigen, gibt es nichts Besseres als ein leckeres Eis. Wie w\u00e4re es mit einem selbstgemachten Sorbet oder einem Eis am Stiel aus Fr\u00fcchten?<\/li>\n\n\n\n<li>Sie haben keine Zeit oder Lust, in der K\u00fcche zu stehen? Viele Obstsorten lassen sich einfrieren. So k\u00f6nnen Sie auch im Herbst und Winter, wenn es kaum noch saisonales Obst gibt, nachhaltiges und gesundes Obst genie\u00dfen. Beeren lassen sich ohne Probleme einfrieren. Sie k\u00f6nnen auch Erdbeeren, Aprikosen, Himbeeren, Kirschen und Rhabarber einfrieren. Genaue Anweisungen und weitere Tipps zur Lagerung von Obst und Gem\u00fcse finden Sie auf der Website von <a href=\"https:\/\/www.bewaarwijzer.nl\/over-bewaarwijzer\/\" target=\"_blank\" rel=\"noreferrer noopener\">Leitfaden zur Lagerung<\/a>.<br><br><\/li>\n<\/ul>\n\n\n\n<h2 class=\"wp-block-heading\">Obst und Gem\u00fcse der Saison im Juni: nachhaltig, gesund und g\u00fcnstig<\/h2>\n\n\n\n<p>Wir hoffen, dass es Ihnen nun leichter f\u00e4llt, bewusste und gesunde Entscheidungen zu treffen. Und mit ein bisschen Gl\u00fcck merken Sie das auch in Ihrem Geldbeutel. Noch ein kleiner Tipp: Setzen Sie ein Lesezeichen auf diese Seite. So haben Sie sie beim Einkaufen immer griffbereit und finden schnell das Obst und Gem\u00fcse der Saison Juni.<\/p>\n\n\n\n<h4 class=\"wp-block-heading\">Weitere nachhaltige Tipps von thegreenlist.nl <\/h4>\n\n\n\n<ul class=\"wp-block-list\">\n<li>Der Trick, um beim Kochen Energie zu sparen? <a href=\"https:\/\/www.thegreenlist.nl\/de\/passives-kochen-der-trick-um-beim-kochen-energie-zu-sparen\/\">Passives Kochen<\/a>. <\/li>\n\n\n\n<li>Welches \u00d6l eignet sich am besten zum Frittieren?&nbsp;<a href=\"https:\/\/www.thegreenlist.nl\/de\/wat-is-de-duurzaamste-olie-voor-koken-en-bakken\/\">Sie k\u00f6nnen ihn hier lesen<\/a>.<\/li>\n\n\n\n<li>Neugierig auf das Gem\u00fcse der Saison im Juli? <a href=\"https:\/\/www.thegreenlist.nl\/de\/obst-der-saison-juli-welche-obst-und-gemusesorten-haben-im-juli-saison\/\">Sie finden es hier<\/a>.  <br><br><\/li>\n<\/ul>\n\n\n\n<p class=\"has-small-font-size\"><em>Quellen: <\/em><em>Outdoor Living Feeling \u00fcber die Vorteile der saisonalen Ern\u00e4hrung<\/em><em>, <\/em><a href=\"https:\/\/www.ah.nl\/inspiratie\/duurzaamheid\/seizoensgroente-fruit\" target=\"_blank\" rel=\"noreferrer noopener\"><em>Albert Heijn \u00fcber die Vorteile von saisonalem Obst und Gem\u00fcse<\/em><\/a><em>, <\/em><a href=\"https:\/\/groentegroente.nl\/seizoensgroenten\/januari\/\" target=\"_blank\" rel=\"noreferrer noopener\"><em>Gem\u00fcseGroente.nl \u00fcber Gem\u00fcse der Saison nach L\u00e4ndern<\/em><\/a><em>, <\/em><a href=\"https:\/\/velt.nu\/seizoenskalender\/\" target=\"_blank\" rel=\"noreferrer noopener\"><em>Velt's Saisonkalender f\u00fcr die Liste der saisonalen Gem\u00fcse und Fr\u00fcchte der Saison<\/em><\/a><em>.<\/em> <em>Bildnachweis: Marmelade: Michal Jarmoluk (Pixabay), andere Fotos: thegreenlist.nl.<\/em><\/p>","protected":false},"excerpt":{"rendered":"<p>Deze maand begint de zomer! Dat is vooral te zien aan de hoeveelheid fruit die in juni in Nederland in het seizoen is. Waren er in mei nog maar twee soorten fruit in het seizoen; in juni zijn het er maar liefst tien. Genoeg keuze dus voor een lekkere fruitsalade of verfrissende smoothie. Daarnaast heeft [&hellip;]<\/p>\n","protected":false},"author":13,"featured_media":29911,"comment_status":"open","ping_status":"open","sticky":false,"template":"","format":"standard","meta":{"wprm-recipe-roundup-name":"","wprm-recipe-roundup-description":"","_jetpack_memberships_contains_paid_content":false,"footnotes":""},"categories":[874,6],"tags":[1270,195,485],"class_list":["post-28332","post","type-post","status-publish","format-standard","has-post-thumbnail","hentry","category-voeding-boodschappen","category-koken-recepten","tag-seizoensfruit","tag-boodschappentips","tag-seizoensgroenten"],"yoast_head":"<!-- This site is optimized with the Yoast SEO plugin v27.3 - https:\/\/yoast.com\/product\/yoast-seo-wordpress\/ -->\n<title>Seizoensfruit juni: welke groente en fruit zijn er in juni in het seizoen? - www.thegreenlist.nl<\/title>\n<meta name=\"description\" content=\"Eindelijk zijn er weer meerdere soorten fruit van Nederlandse bodem te koop! Naast seizoensfruit zijn er in juni ook nog genoeg groenten.\" \/>\n<meta name=\"robots\" content=\"index, follow, max-snippet:-1, max-image-preview:large, max-video-preview:-1\" \/>\n<link rel=\"canonical\" href=\"https:\/\/www.thegreenlist.nl\/de\/obst-der-saison-juni-welche-fruchte-und-gemuse-haben-im-juni-saison\/\" \/>\n<meta property=\"og:locale\" content=\"de_DE\" \/>\n<meta property=\"og:type\" content=\"article\" \/>\n<meta property=\"og:title\" content=\"Seizoensfruit juni: welke groente en fruit zijn er in juni in het seizoen? - www.thegreenlist.nl\" \/>\n<meta property=\"og:description\" content=\"Eindelijk zijn er weer meerdere soorten fruit van Nederlandse bodem te koop! Naast seizoensfruit zijn er in juni ook nog genoeg groenten.\" \/>\n<meta property=\"og:url\" content=\"https:\/\/www.thegreenlist.nl\/de\/obst-der-saison-juni-welche-fruchte-und-gemuse-haben-im-juni-saison\/\" \/>\n<meta property=\"og:site_name\" content=\"www.thegreenlist.nl\" \/>\n<meta property=\"article:published_time\" content=\"2023-06-01T04:00:00+00:00\" \/>\n<meta property=\"article:modified_time\" content=\"2025-11-26T15:18:46+00:00\" \/>\n<meta property=\"og:image\" content=\"https:\/\/afbeeldingen.thegreenlist.nl\/uploads\/2023\/05\/seizoensfruit-seizoensgroenten-juni.jpg\" \/>\n\t<meta property=\"og:image:width\" content=\"1200\" \/>\n\t<meta property=\"og:image:height\" content=\"900\" \/>\n\t<meta property=\"og:image:type\" content=\"image\/jpeg\" \/>\n<meta name=\"author\" content=\"Kirsten Schoner\" \/>\n<meta name=\"twitter:card\" content=\"summary_large_image\" \/>\n<meta name=\"twitter:label1\" content=\"Verfasst von\" \/>\n\t<meta name=\"twitter:data1\" content=\"Kirsten Schoner\" \/>\n\t<meta name=\"twitter:label2\" content=\"Gesch\u00e4tzte Lesezeit\" \/>\n\t<meta name=\"twitter:data2\" content=\"7\u00a0Minuten\" \/>\n<script type=\"application\/ld+json\" class=\"yoast-schema-graph\">{\"@context\":\"https:\\\/\\\/schema.org\",\"@graph\":[{\"@type\":\"Article\",\"@id\":\"https:\\\/\\\/www.thegreenlist.nl\\\/seizoensfruit-juni-welk-fruit-en-groente-zijn-er-in-juni-in-het-seizoen\\\/#article\",\"isPartOf\":{\"@id\":\"https:\\\/\\\/www.thegreenlist.nl\\\/seizoensfruit-juni-welk-fruit-en-groente-zijn-er-in-juni-in-het-seizoen\\\/\"},\"author\":{\"name\":\"Kirsten Schoner\",\"@id\":\"https:\\\/\\\/www.thegreenlist.nl\\\/en\\\/#\\\/schema\\\/person\\\/96a760332cc255d319c81e93c69b2c2d\"},\"headline\":\"Seizoensfruit juni: welke groente en fruit zijn er in juni in het seizoen?\",\"datePublished\":\"2023-06-01T04:00:00+00:00\",\"dateModified\":\"2025-11-26T15:18:46+00:00\",\"mainEntityOfPage\":{\"@id\":\"https:\\\/\\\/www.thegreenlist.nl\\\/seizoensfruit-juni-welk-fruit-en-groente-zijn-er-in-juni-in-het-seizoen\\\/\"},\"wordCount\":1065,\"commentCount\":0,\"publisher\":{\"@id\":\"https:\\\/\\\/www.thegreenlist.nl\\\/en\\\/#organization\"},\"image\":{\"@id\":\"https:\\\/\\\/www.thegreenlist.nl\\\/seizoensfruit-juni-welk-fruit-en-groente-zijn-er-in-juni-in-het-seizoen\\\/#primaryimage\"},\"thumbnailUrl\":\"https:\\\/\\\/afbeeldingen.thegreenlist.nl\\\/uploads\\\/2023\\\/05\\\/seizoensfruit-seizoensgroenten-juni.jpg\",\"keywords\":[\"seizoensfruit\",\"boodschappentips\",\"seizoensgroenten\"],\"articleSection\":[\"Voeding &amp; Boodschappen\",\"Koken &amp; Recepten\"],\"inLanguage\":\"de\",\"potentialAction\":[{\"@type\":\"CommentAction\",\"name\":\"Comment\",\"target\":[\"https:\\\/\\\/www.thegreenlist.nl\\\/seizoensfruit-juni-welk-fruit-en-groente-zijn-er-in-juni-in-het-seizoen\\\/#respond\"]}]},{\"@type\":\"WebPage\",\"@id\":\"https:\\\/\\\/www.thegreenlist.nl\\\/seizoensfruit-juni-welk-fruit-en-groente-zijn-er-in-juni-in-het-seizoen\\\/\",\"url\":\"https:\\\/\\\/www.thegreenlist.nl\\\/seizoensfruit-juni-welk-fruit-en-groente-zijn-er-in-juni-in-het-seizoen\\\/\",\"name\":\"Seizoensfruit juni: welke groente en fruit zijn er in juni in het seizoen? - www.thegreenlist.nl\",\"isPartOf\":{\"@id\":\"https:\\\/\\\/www.thegreenlist.nl\\\/en\\\/#website\"},\"primaryImageOfPage\":{\"@id\":\"https:\\\/\\\/www.thegreenlist.nl\\\/seizoensfruit-juni-welk-fruit-en-groente-zijn-er-in-juni-in-het-seizoen\\\/#primaryimage\"},\"image\":{\"@id\":\"https:\\\/\\\/www.thegreenlist.nl\\\/seizoensfruit-juni-welk-fruit-en-groente-zijn-er-in-juni-in-het-seizoen\\\/#primaryimage\"},\"thumbnailUrl\":\"https:\\\/\\\/afbeeldingen.thegreenlist.nl\\\/uploads\\\/2023\\\/05\\\/seizoensfruit-seizoensgroenten-juni.jpg\",\"datePublished\":\"2023-06-01T04:00:00+00:00\",\"dateModified\":\"2025-11-26T15:18:46+00:00\",\"description\":\"Eindelijk zijn er weer meerdere soorten fruit van Nederlandse bodem te koop! Naast seizoensfruit zijn er in juni ook nog genoeg groenten.\",\"breadcrumb\":{\"@id\":\"https:\\\/\\\/www.thegreenlist.nl\\\/seizoensfruit-juni-welk-fruit-en-groente-zijn-er-in-juni-in-het-seizoen\\\/#breadcrumb\"},\"inLanguage\":\"de\",\"potentialAction\":[{\"@type\":\"ReadAction\",\"target\":[\"https:\\\/\\\/www.thegreenlist.nl\\\/seizoensfruit-juni-welk-fruit-en-groente-zijn-er-in-juni-in-het-seizoen\\\/\"]}]},{\"@type\":\"ImageObject\",\"inLanguage\":\"de\",\"@id\":\"https:\\\/\\\/www.thegreenlist.nl\\\/seizoensfruit-juni-welk-fruit-en-groente-zijn-er-in-juni-in-het-seizoen\\\/#primaryimage\",\"url\":\"https:\\\/\\\/afbeeldingen.thegreenlist.nl\\\/uploads\\\/2023\\\/05\\\/seizoensfruit-seizoensgroenten-juni.jpg\",\"contentUrl\":\"https:\\\/\\\/afbeeldingen.thegreenlist.nl\\\/uploads\\\/2023\\\/05\\\/seizoensfruit-seizoensgroenten-juni.jpg\",\"width\":1200,\"height\":900,\"caption\":\"Seizoensfruit juni: welke fruit en groente zijn er in juni in het seizoen?\"},{\"@type\":\"BreadcrumbList\",\"@id\":\"https:\\\/\\\/www.thegreenlist.nl\\\/seizoensfruit-juni-welk-fruit-en-groente-zijn-er-in-juni-in-het-seizoen\\\/#breadcrumb\",\"itemListElement\":[{\"@type\":\"ListItem\",\"position\":1,\"name\":\"Home\",\"item\":\"https:\\\/\\\/www.thegreenlist.nl\\\/\"},{\"@type\":\"ListItem\",\"position\":2,\"name\":\"Seizoensfruit juni: welke groente en fruit zijn er in juni in het seizoen?\"}]},{\"@type\":\"WebSite\",\"@id\":\"https:\\\/\\\/www.thegreenlist.nl\\\/en\\\/#website\",\"url\":\"https:\\\/\\\/www.thegreenlist.nl\\\/en\\\/\",\"name\":\"www.thegreenlist.nl\",\"description\":\"Alles voor een groenere lifestyle\",\"publisher\":{\"@id\":\"https:\\\/\\\/www.thegreenlist.nl\\\/en\\\/#organization\"},\"potentialAction\":[{\"@type\":\"SearchAction\",\"target\":{\"@type\":\"EntryPoint\",\"urlTemplate\":\"https:\\\/\\\/www.thegreenlist.nl\\\/en\\\/?s={search_term_string}\"},\"query-input\":{\"@type\":\"PropertyValueSpecification\",\"valueRequired\":true,\"valueName\":\"search_term_string\"}}],\"inLanguage\":\"de\"},{\"@type\":\"Organization\",\"@id\":\"https:\\\/\\\/www.thegreenlist.nl\\\/en\\\/#organization\",\"name\":\"www.thegreenlist.nl\",\"url\":\"https:\\\/\\\/www.thegreenlist.nl\\\/en\\\/\",\"logo\":{\"@type\":\"ImageObject\",\"inLanguage\":\"de\",\"@id\":\"https:\\\/\\\/www.thegreenlist.nl\\\/en\\\/#\\\/schema\\\/logo\\\/image\\\/\",\"url\":\"https:\\\/\\\/afbeeldingen.thegreenlist.nl\\\/uploads\\\/2022\\\/01\\\/Middel-1-100.jpg\",\"contentUrl\":\"https:\\\/\\\/afbeeldingen.thegreenlist.nl\\\/uploads\\\/2022\\\/01\\\/Middel-1-100.jpg\",\"width\":342,\"height\":342,\"caption\":\"www.thegreenlist.nl\"},\"image\":{\"@id\":\"https:\\\/\\\/www.thegreenlist.nl\\\/en\\\/#\\\/schema\\\/logo\\\/image\\\/\"}},{\"@type\":\"Person\",\"@id\":\"https:\\\/\\\/www.thegreenlist.nl\\\/en\\\/#\\\/schema\\\/person\\\/96a760332cc255d319c81e93c69b2c2d\",\"name\":\"Kirsten Schoner\",\"image\":{\"@type\":\"ImageObject\",\"inLanguage\":\"de\",\"@id\":\"https:\\\/\\\/afbeeldingen.thegreenlist.nl\\\/uploads\\\/2024\\\/11\\\/Kirsten-thegreenlistnl-100x100.jpg\",\"url\":\"https:\\\/\\\/afbeeldingen.thegreenlist.nl\\\/uploads\\\/2024\\\/11\\\/Kirsten-thegreenlistnl-100x100.jpg\",\"contentUrl\":\"https:\\\/\\\/afbeeldingen.thegreenlist.nl\\\/uploads\\\/2024\\\/11\\\/Kirsten-thegreenlistnl-100x100.jpg\",\"caption\":\"Kirsten Schoner\"},\"description\":\"Kirsten schrijft graag over duurzaam ouderschap. Als content manager is ze een stille kracht achter het online magazine. Dit doet ze vanuit Oostenrijk waar ze met haar man en twee dochters zo duurzaam mogelijk probeert te leven.\",\"url\":\"https:\\\/\\\/www.thegreenlist.nl\\\/de\\\/author\\\/kirsten\\\/\"}]}<\/script>\n<!-- \/ Yoast SEO plugin. -->","yoast_head_json":{"title":"Saisonales Obst Juni: Welches Obst und Gem\u00fcse hat im Juni Saison? - www.thegreenlist.nl","description":"Endlich gibt es wieder verschiedene Obstsorten aus niederl\u00e4ndischem Boden zu kaufen! Neben Obst der Saison gibt es im Juni auch viel Gem\u00fcse.","robots":{"index":"index","follow":"follow","max-snippet":"max-snippet:-1","max-image-preview":"max-image-preview:large","max-video-preview":"max-video-preview:-1"},"canonical":"https:\/\/www.thegreenlist.nl\/de\/obst-der-saison-juni-welche-fruchte-und-gemuse-haben-im-juni-saison\/","og_locale":"de_DE","og_type":"article","og_title":"Seizoensfruit juni: welke groente en fruit zijn er in juni in het seizoen? - www.thegreenlist.nl","og_description":"Eindelijk zijn er weer meerdere soorten fruit van Nederlandse bodem te koop! Naast seizoensfruit zijn er in juni ook nog genoeg groenten.","og_url":"https:\/\/www.thegreenlist.nl\/de\/obst-der-saison-juni-welche-fruchte-und-gemuse-haben-im-juni-saison\/","og_site_name":"www.thegreenlist.nl","article_published_time":"2023-06-01T04:00:00+00:00","article_modified_time":"2025-11-26T15:18:46+00:00","og_image":[{"width":1200,"height":900,"url":"https:\/\/afbeeldingen.thegreenlist.nl\/uploads\/2023\/05\/seizoensfruit-seizoensgroenten-juni.jpg","type":"image\/jpeg"}],"author":"Kirsten Schoner","twitter_card":"summary_large_image","twitter_misc":{"Verfasst von":"Kirsten Schoner","Gesch\u00e4tzte Lesezeit":"7\u00a0Minuten"},"schema":{"@context":"https:\/\/schema.org","@graph":[{"@type":"Article","@id":"https:\/\/www.thegreenlist.nl\/seizoensfruit-juni-welk-fruit-en-groente-zijn-er-in-juni-in-het-seizoen\/#article","isPartOf":{"@id":"https:\/\/www.thegreenlist.nl\/seizoensfruit-juni-welk-fruit-en-groente-zijn-er-in-juni-in-het-seizoen\/"},"author":{"name":"Kirsten Schoner","@id":"https:\/\/www.thegreenlist.nl\/en\/#\/schema\/person\/96a760332cc255d319c81e93c69b2c2d"},"headline":"Seizoensfruit juni: welke groente en fruit zijn er in juni in het seizoen?","datePublished":"2023-06-01T04:00:00+00:00","dateModified":"2025-11-26T15:18:46+00:00","mainEntityOfPage":{"@id":"https:\/\/www.thegreenlist.nl\/seizoensfruit-juni-welk-fruit-en-groente-zijn-er-in-juni-in-het-seizoen\/"},"wordCount":1065,"commentCount":0,"publisher":{"@id":"https:\/\/www.thegreenlist.nl\/en\/#organization"},"image":{"@id":"https:\/\/www.thegreenlist.nl\/seizoensfruit-juni-welk-fruit-en-groente-zijn-er-in-juni-in-het-seizoen\/#primaryimage"},"thumbnailUrl":"https:\/\/afbeeldingen.thegreenlist.nl\/uploads\/2023\/05\/seizoensfruit-seizoensgroenten-juni.jpg","keywords":["seizoensfruit","boodschappentips","seizoensgroenten"],"articleSection":["Voeding &amp; Boodschappen","Koken &amp; Recepten"],"inLanguage":"de","potentialAction":[{"@type":"CommentAction","name":"Comment","target":["https:\/\/www.thegreenlist.nl\/seizoensfruit-juni-welk-fruit-en-groente-zijn-er-in-juni-in-het-seizoen\/#respond"]}]},{"@type":"WebPage","@id":"https:\/\/www.thegreenlist.nl\/seizoensfruit-juni-welk-fruit-en-groente-zijn-er-in-juni-in-het-seizoen\/","url":"https:\/\/www.thegreenlist.nl\/seizoensfruit-juni-welk-fruit-en-groente-zijn-er-in-juni-in-het-seizoen\/","name":"Saisonales Obst Juni: Welches Obst und Gem\u00fcse hat im Juni Saison? - www.thegreenlist.nl","isPartOf":{"@id":"https:\/\/www.thegreenlist.nl\/en\/#website"},"primaryImageOfPage":{"@id":"https:\/\/www.thegreenlist.nl\/seizoensfruit-juni-welk-fruit-en-groente-zijn-er-in-juni-in-het-seizoen\/#primaryimage"},"image":{"@id":"https:\/\/www.thegreenlist.nl\/seizoensfruit-juni-welk-fruit-en-groente-zijn-er-in-juni-in-het-seizoen\/#primaryimage"},"thumbnailUrl":"https:\/\/afbeeldingen.thegreenlist.nl\/uploads\/2023\/05\/seizoensfruit-seizoensgroenten-juni.jpg","datePublished":"2023-06-01T04:00:00+00:00","dateModified":"2025-11-26T15:18:46+00:00","description":"Endlich gibt es wieder verschiedene Obstsorten aus niederl\u00e4ndischem Boden zu kaufen! Neben Obst der Saison gibt es im Juni auch viel Gem\u00fcse.","breadcrumb":{"@id":"https:\/\/www.thegreenlist.nl\/seizoensfruit-juni-welk-fruit-en-groente-zijn-er-in-juni-in-het-seizoen\/#breadcrumb"},"inLanguage":"de","potentialAction":[{"@type":"ReadAction","target":["https:\/\/www.thegreenlist.nl\/seizoensfruit-juni-welk-fruit-en-groente-zijn-er-in-juni-in-het-seizoen\/"]}]},{"@type":"ImageObject","inLanguage":"de","@id":"https:\/\/www.thegreenlist.nl\/seizoensfruit-juni-welk-fruit-en-groente-zijn-er-in-juni-in-het-seizoen\/#primaryimage","url":"https:\/\/afbeeldingen.thegreenlist.nl\/uploads\/2023\/05\/seizoensfruit-seizoensgroenten-juni.jpg","contentUrl":"https:\/\/afbeeldingen.thegreenlist.nl\/uploads\/2023\/05\/seizoensfruit-seizoensgroenten-juni.jpg","width":1200,"height":900,"caption":"Seizoensfruit juni: welke fruit en groente zijn er in juni in het seizoen?"},{"@type":"BreadcrumbList","@id":"https:\/\/www.thegreenlist.nl\/seizoensfruit-juni-welk-fruit-en-groente-zijn-er-in-juni-in-het-seizoen\/#breadcrumb","itemListElement":[{"@type":"ListItem","position":1,"name":"Home","item":"https:\/\/www.thegreenlist.nl\/"},{"@type":"ListItem","position":2,"name":"Seizoensfruit juni: welke groente en fruit zijn er in juni in het seizoen?"}]},{"@type":"WebSite","@id":"https:\/\/www.thegreenlist.nl\/en\/#website","url":"https:\/\/www.thegreenlist.nl\/en\/","name":"www.thegreenlist.nl","description":"Alles f\u00fcr einen gr\u00fcneren Lebensstil","publisher":{"@id":"https:\/\/www.thegreenlist.nl\/en\/#organization"},"potentialAction":[{"@type":"SearchAction","target":{"@type":"EntryPoint","urlTemplate":"https:\/\/www.thegreenlist.nl\/en\/?s={search_term_string}"},"query-input":{"@type":"PropertyValueSpecification","valueRequired":true,"valueName":"search_term_string"}}],"inLanguage":"de"},{"@type":"Organization","@id":"https:\/\/www.thegreenlist.nl\/en\/#organization","name":"www.thegreenlist.nl","url":"https:\/\/www.thegreenlist.nl\/en\/","logo":{"@type":"ImageObject","inLanguage":"de","@id":"https:\/\/www.thegreenlist.nl\/en\/#\/schema\/logo\/image\/","url":"https:\/\/afbeeldingen.thegreenlist.nl\/uploads\/2022\/01\/Middel-1-100.jpg","contentUrl":"https:\/\/afbeeldingen.thegreenlist.nl\/uploads\/2022\/01\/Middel-1-100.jpg","width":342,"height":342,"caption":"www.thegreenlist.nl"},"image":{"@id":"https:\/\/www.thegreenlist.nl\/en\/#\/schema\/logo\/image\/"}},{"@type":"Person","@id":"https:\/\/www.thegreenlist.nl\/en\/#\/schema\/person\/96a760332cc255d319c81e93c69b2c2d","name":"Kirsten Schoner","image":{"@type":"ImageObject","inLanguage":"de","@id":"https:\/\/afbeeldingen.thegreenlist.nl\/uploads\/2024\/11\/Kirsten-thegreenlistnl-100x100.jpg","url":"https:\/\/afbeeldingen.thegreenlist.nl\/uploads\/2024\/11\/Kirsten-thegreenlistnl-100x100.jpg","contentUrl":"https:\/\/afbeeldingen.thegreenlist.nl\/uploads\/2024\/11\/Kirsten-thegreenlistnl-100x100.jpg","caption":"Kirsten Schoner"},"description":"Kirsten schreibt gerne \u00fcber nachhaltige Kindererziehung. Als Content Managerin ist sie die stille Kraft hinter dem Online-Magazin. Sie tut dies von \u00d6sterreich aus, wo sie mit ihrem Mann und ihren beiden T\u00f6chtern versucht, so nachhaltig wie m\u00f6glich zu leben.","url":"https:\/\/www.thegreenlist.nl\/de\/author\/kirsten\/"}]}},"jetpack_featured_media_url":"https:\/\/afbeeldingen.thegreenlist.nl\/uploads\/2023\/05\/seizoensfruit-seizoensgroenten-juni.jpg","jetpack_sharing_enabled":true,"_links":{"self":[{"href":"https:\/\/www.thegreenlist.nl\/de\/wp-json\/wp\/v2\/posts\/28332","targetHints":{"allow":["GET"]}}],"collection":[{"href":"https:\/\/www.thegreenlist.nl\/de\/wp-json\/wp\/v2\/posts"}],"about":[{"href":"https:\/\/www.thegreenlist.nl\/de\/wp-json\/wp\/v2\/types\/post"}],"author":[{"embeddable":true,"href":"https:\/\/www.thegreenlist.nl\/de\/wp-json\/wp\/v2\/users\/13"}],"replies":[{"embeddable":true,"href":"https:\/\/www.thegreenlist.nl\/de\/wp-json\/wp\/v2\/comments?post=28332"}],"version-history":[{"count":1,"href":"https:\/\/www.thegreenlist.nl\/de\/wp-json\/wp\/v2\/posts\/28332\/revisions"}],"predecessor-version":[{"id":63093,"href":"https:\/\/www.thegreenlist.nl\/de\/wp-json\/wp\/v2\/posts\/28332\/revisions\/63093"}],"wp:featuredmedia":[{"embeddable":true,"href":"https:\/\/www.thegreenlist.nl\/de\/wp-json\/wp\/v2\/media\/29911"}],"wp:attachment":[{"href":"https:\/\/www.thegreenlist.nl\/de\/wp-json\/wp\/v2\/media?parent=28332"}],"wp:term":[{"taxonomy":"category","embeddable":true,"href":"https:\/\/www.thegreenlist.nl\/de\/wp-json\/wp\/v2\/categories?post=28332"},{"taxonomy":"post_tag","embeddable":true,"href":"https:\/\/www.thegreenlist.nl\/de\/wp-json\/wp\/v2\/tags?post=28332"}],"curies":[{"name":"wp","href":"https:\/\/api.w.org\/{rel}","templated":true}]}}