{"id":28336,"date":"2023-07-02T08:20:56","date_gmt":"2023-07-02T06:20:56","guid":{"rendered":"https:\/\/www.thegreenlist.nl\/?p=28336"},"modified":"2025-11-26T16:46:55","modified_gmt":"2025-11-26T15:46:55","slug":"obst-der-saison-juli-welche-obst-und-gemusesorten-haben-im-juli-saison","status":"publish","type":"post","link":"https:\/\/www.thegreenlist.nl\/de\/seizoensfruit-juli-welk-fruit-en-groente-zijn-er-in-juli-in-het-seizoen\/","title":{"rendered":"Saisonales Obst Juli: Welches Obst und Gem\u00fcse hat im Juli Saison?"},"content":{"rendered":"<div id=\"bsf_rt_marker\"><\/div>\n<p><strong>Hoffentlich h\u00e4lt der Juli ein paar sch\u00f6ne Sommertage f\u00fcr uns bereit. Und was gibt es Sch\u00f6neres als ein leckeres Barbecue am Abend? In diesem Monat k\u00f6nnen Sie nachhaltig grillen, denn im Juli haben viele Gem\u00fcsesorten in den Niederlanden Saison. Gebackene Kartoffeln, ger\u00f6stete Paprika oder Zucchini passen hervorragend auf den Grill. Und nat\u00fcrlich darf auch ein Salat nicht fehlen. Oder wie w\u00e4re es mit einem frischen Obstsalat? Denn im Juli gibt es jede Menge saisonales Obst aus den Niederlanden, wie Erdbeeren, Aprikosen oder Pfirsiche.<\/strong><\/p>\n\n\n\n<!--more-->\n\n\n\n<h2 class=\"wp-block-heading\">Genie\u00dfen Sie saftiges und frisches Obst und Gem\u00fcse der Saison im Juli<\/h2>\n\n\n\n<p class=\"has-small-font-size\"><em>Dank an Crisp f\u00fcr die saisonalen Produkte<\/em><\/p>\n\n\n\n<p>An hei\u00dfen Sommertagen ist es wichtig, ausreichend Fl\u00fcssigkeit zu sich zu nehmen. Wussten Sie, dass viele Obst- und Gem\u00fcsesorten, die im Juli in den Niederlanden Saison haben, einen hohen Feuchtigkeitsgehalt aufweisen? Saftige Gurken, Sellerie, Erdbeeren... Die Natur ist schlau, also machen wir uns das zunutze. Im Juli gibt es eine gro\u00dfe Auswahl an saisonalem Obst und Gem\u00fcse. Mit der Liste in diesem Artikel wird es bald ein Kinderspiel sein, den Jahreszeiten entsprechend einzukaufen.<\/p>\n\n\n\n<div class=\"wp-block-jetpack-tiled-gallery aligncenter is-style-rectangular\"><div class=\"\"><div class=\"tiled-gallery__gallery\"><div class=\"tiled-gallery__row\"><div class=\"tiled-gallery__col\" style=\"flex-basis:50.00000%\"><figure class=\"tiled-gallery__item\"><img decoding=\"async\" srcset=\"https:\/\/i0.wp.com\/afbeeldingen.thegreenlist.nl\/uploads\/2023\/06\/barbeque-seizoensgroenten.jpg?strip=info&#038;w=600&#038;ssl=1 600w,https:\/\/i0.wp.com\/afbeeldingen.thegreenlist.nl\/uploads\/2023\/06\/barbeque-seizoensgroenten.jpg?strip=info&#038;w=900&#038;ssl=1 900w\" alt=\"Probieren Sie diesen Sommer ein veganes Barbecue mit Gem\u00fcse der Saison.\" data-height=\"675\" data-id=\"30485\" data-link=\"https:\/\/www.thegreenlist.nl\/seizoensfruit-juli-welk-fruit-en-groente-zijn-er-in-juli-in-het-seizoen\/barbeque-seizoensgroenten\/\" data-url=\"https:\/\/afbeeldingen.thegreenlist.nl\/uploads\/2023\/06\/barbeque-seizoensgroenten.jpg\" data-width=\"900\" src=\"https:\/\/i0.wp.com\/afbeeldingen.thegreenlist.nl\/uploads\/2023\/06\/barbeque-seizoensgroenten.jpg?ssl=1\" data-amp-layout=\"responsive\"\/><\/figure><\/div><div class=\"tiled-gallery__col\" style=\"flex-basis:50.00000%\"><figure class=\"tiled-gallery__item\"><img decoding=\"async\" srcset=\"https:\/\/i0.wp.com\/afbeeldingen.thegreenlist.nl\/uploads\/2023\/06\/seizoensgroenten-seizoensfruit-juni.jpg?strip=info&#038;w=600&#038;ssl=1 600w,https:\/\/i0.wp.com\/afbeeldingen.thegreenlist.nl\/uploads\/2023\/06\/seizoensgroenten-seizoensfruit-juni.jpg?strip=info&#038;w=900&#038;ssl=1 900w\" alt=\"Niederl\u00e4ndisches Saisongem\u00fcse und Saisonobst Juli wie Erdbeeren, Beeren, Rhabarber, Karotten und Rettich.\" data-height=\"675\" data-id=\"30489\" data-link=\"https:\/\/www.thegreenlist.nl\/seizoensfruit-juli-welk-fruit-en-groente-zijn-er-in-juli-in-het-seizoen\/seizoensgroenten-seizoensfruit-juni-2\/\" data-url=\"https:\/\/afbeeldingen.thegreenlist.nl\/uploads\/2023\/06\/seizoensgroenten-seizoensfruit-juni.jpg\" data-width=\"900\" src=\"https:\/\/i0.wp.com\/afbeeldingen.thegreenlist.nl\/uploads\/2023\/06\/seizoensgroenten-seizoensfruit-juni.jpg?ssl=1\" data-amp-layout=\"responsive\"\/><\/figure><\/div><\/div><\/div><\/div><\/div>\n\n\n\n<p class=\"has-small-font-size\"><em>Oelala... alle Leckereien des Monats Juli k\u00f6nnen direkt auf den Grill gelegt werden.<\/em><\/p>\n\n\n\n<h2 class=\"wp-block-heading\">Die Vorteile von Obst und Gem\u00fcse der Saison<\/h2>\n\n\n\n<p>Die Superm\u00e4rkte sind voll von Obst und Gem\u00fcse. Warum sollte man sich die M\u00fche machen, darauf zu achten, welches Obst oder Gem\u00fcse in den Niederlanden gerade Saison hat? Zum einen ist das besser f\u00fcr die Umwelt. Obst und Gem\u00fcse, das einen l\u00e4ngeren Transportweg hat oder in beheizten Gew\u00e4chsh\u00e4usern angebaut wird, hat im Allgemeinen eine gr\u00f6\u00dfere Umweltbelastung. Aber wussten Sie auch, dass saisonales Obst und Gem\u00fcse besser f\u00fcr Ihre Gesundheit ist? Weil der Transportweg k\u00fcrzer ist, sind die Fr\u00fcchte oder das Gem\u00fcse reifer, bevor sie geerntet werden. Dadurch gehen weniger N\u00e4hrstoffe verloren. Saisonales Obst und Gem\u00fcse enth\u00e4lt auch mehr N\u00e4hrstoffe, weil es weniger lange gelagert wird. Au\u00dferdem werden oft weniger Pestizide eingesetzt, da sie weniger anf\u00e4llig f\u00fcr Krankheiten sind. Und schlie\u00dflich ist es in der Regel viel billiger, Obst und Gem\u00fcse der Saison zu kaufen.<\/p>\n\n\n\n<h2 class=\"wp-block-heading\">Obst und Gem\u00fcse aus den Niederlanden sind nicht immer die nachhaltigste Wahl<\/h2>\n\n\n\n<p>Da Sie nun von den Vorteilen von saisonalem Obst und Gem\u00fcse \u00fcberzeugt sind, k\u00f6nnen Sie beim Einkaufen darauf achten. Da das Herkunftsland auf der Verpackung angegeben ist, entscheiden Sie sich vielleicht daf\u00fcr, Obst oder Gem\u00fcse aus den Niederlanden zu kaufen. Leider ist dies nicht immer die nachhaltigste Wahl. Schlie\u00dflich kann man im Supermarkt nicht erkennen, ob das Obst oder Gem\u00fcse in einem beheizten Gew\u00e4chshaus angebaut wurde. Ein Salatkopf aus den Niederlanden kann zum Beispiel im Juli die nachhaltigste Wahl sein, w\u00e4hrend im Januar der Salatkopf aus Spanien nachhaltiger ist, weil er im Freien w\u00e4chst. Ziemlich verwirrend, oder? Um es Ihnen leichter zu machen, haben wir f\u00fcr Sie herausgefunden, welche Obst- und Gem\u00fcsesorten in den Niederlanden in voller Erde oder in unbeheizten Gew\u00e4chsh\u00e4usern wachsen. Im Juli sind dies die folgenden Obst- und Gem\u00fcsesorten:<\/p>\n\n\n\n<h3 class=\"wp-block-heading\">Niederl\u00e4ndisches Gem\u00fcse der Saison Juli:<\/h3>\n\n\n\n<ul class=\"wp-block-list\">\n<li><strong>Kartoffel<\/strong> (Inspirationsrezept: <a href=\"https:\/\/www.thegreenlist.nl\/de\/kinderfreundliches-veganes-rezept-tikka-masala-mit-linsen-paprika-und-kartoffeln\/\">Tikka-Masala mit Linsen, Paprika und Kartoffeln<\/a>)<\/li>\n\n\n\n<li><strong>Endivie<\/strong><\/li>\n\n\n\n<li><strong>Artischocke<\/strong><\/li>\n\n\n\n<li><strong>Aubergine<\/strong> (Inspirationsrezept: <a href=\"https:\/\/www.thegreenlist.nl\/de\/recept-chinese-aubergine-in-szechuansaus\/\">Chinesische Aubergine in Szechuan-Sauce<\/a>)<\/li>\n\n\n\n<li><strong>Staudensellerie<\/strong><\/li>\n\n\n\n<li><strong>Blumenkohl<\/strong> (Inspirationsrezept:&nbsp;<a href=\"https:\/\/www.thegreenlist.nl\/de\/rezept-ganzer-gerosteter-blumenkohl-aus-dem-ofen\/\">ganzer ger\u00f6steter Blumenkohl aus dem Ofen<\/a>)<\/li>\n\n\n\n<li><strong>Brokkoli<\/strong> (Inspirationsrezept: <a href=\"https:\/\/www.thegreenlist.nl\/de\/einfaches-rezept-fur-das-leckerste-pfannengemuse\/\">einfaches Rezept f\u00fcr das leckerste Pfannengem\u00fcse<\/a>)<\/li>\n\n\n\n<li><strong>Chinakohl<\/strong><\/li>\n\n\n\n<li><strong>Zucchini<\/strong> (Inspirationsrezept: <a href=\"https:\/\/www.thegreenlist.nl\/de\/veganes-massaman-curry-rezept-mit-linsen-und-gerettetem-gemuse\/\">Curry-Rezept mit Linsen und gerettetem Gem\u00fcse<\/a>)<\/li>\n\n\n\n<li><strong>Erbsen<\/strong><\/li>\n\n\n\n<li><strong>Gr\u00fcner Staudensellerie<\/strong><\/li>\n\n\n\n<li><strong>Gurke<\/strong><\/li>\n\n\n\n<li><strong>Kohlrabi<\/strong><\/li>\n\n\n\n<li><strong>Kopfsalat<\/strong><\/li>\n\n\n\n<li><strong>Pak Choi<\/strong><\/li>\n\n\n\n<li><strong>Pfeffer<\/strong> (Inspirationsrezept: <a href=\"https:\/\/www.thegreenlist.nl\/de\/gefullte-paprikaschoten-mit-spinat\/\">Gef\u00fcllte Paprikaschoten mit Spinat und Couscous<\/a>) <\/li>\n\n\n\n<li><strong>Mangetout<\/strong><\/li>\n\n\n\n<li><strong>Lauch<\/strong> (Inspirationsrezept: <a href=\"https:\/\/www.thegreenlist.nl\/de\/einfaches-rezept-fur-eine-cremige-sellerie-lauch-suppe\/\">Rahmige Sellerie-Lauch-Suppe<\/a>)<\/li>\n\n\n\n<li><strong>Rettich<\/strong><\/li>\n\n\n\n<li><strong>Rote Beete<\/strong><\/li>\n\n\n\n<li><strong>Rotkohl<\/strong><\/li>\n\n\n\n<li><strong>Wirsingkohl<\/strong><\/li>\n\n\n\n<li><strong>Saubohne<\/strong><\/li>\n\n\n\n<li><strong>gr\u00fcne Bohne<\/strong> (Inspirationsrezept: <a href=\"https:\/\/www.thegreenlist.nl\/de\/einfaches-veganes-rezept-grune-bohnen-kartoffel-curry\/\">Curry mit gr\u00fcnen Bohnen und Kartoffeln<\/a>)<\/li>\n\n\n\n<li><strong>Spinat<\/strong> (Inspirationsrezept: <a href=\"https:\/\/www.thegreenlist.nl\/de\/veganes-curry-rezept-wurziger-spinat\/\">Gew\u00fcrzspinat nach indischer Art<\/a>)<\/li>\n\n\n\n<li><strong>Spitzkohl<\/strong> (Inspirationsrezept: <a href=\"https:\/\/www.thegreenlist.nl\/de\/vegan-rendang-recept-spitskool\/\">veganes Rendang mit Spitzkohl<\/a>)<\/li>\n\n\n\n<li><strong>Tomate<\/strong> (Inspirationsrezept: <a href=\"https:\/\/www.thegreenlist.nl\/de\/gnocchi-mit-gemuse-in-tomatensauce\/\">vegane Gnocchi mit Gem\u00fcse in Tomatensauce<\/a>)<\/li>\n\n\n\n<li><strong>Saubohne<\/strong><\/li>\n\n\n\n<li><strong>Zwiebel<\/strong> (Inspirationsrezept: <a href=\"https:\/\/www.thegreenlist.nl\/de\/rezept-vegane-linsensuppe\/\">vegane Linsensuppe<\/a>)<\/li>\n\n\n\n<li><strong>Fenchel<\/strong><\/li>\n\n\n\n<li><strong>Kriegshelden<\/strong><\/li>\n\n\n\n<li><strong>Brunnenkresse<\/strong><\/li>\n\n\n\n<li><strong>Wei\u00dfkohl<\/strong><\/li>\n\n\n\n<li><strong>Wurzel<\/strong> (Inspirationsrezept: <a href=\"https:\/\/www.thegreenlist.nl\/de\/wortel-recept-wortels-op-marokkaanse-wijze\/\">M\u00f6hren nach marokkanischer Art<\/a>)<br><br><\/li>\n<\/ul>\n\n\n\n<h3 class=\"wp-block-heading\">Niederl\u00e4ndisches Obst der Saison Juli:<\/h3>\n\n\n\n<ul class=\"wp-block-list\">\n<li><strong>Erdbeere<\/strong><\/li>\n\n\n\n<li><strong>Aprikose<\/strong><\/li>\n\n\n\n<li><strong>Blaubeere<\/strong><\/li>\n\n\n\n<li><strong>Brombeere<\/strong><\/li>\n\n\n\n<li><strong>Himbeere<\/strong><\/li>\n\n\n\n<li><strong>Kirsche<\/strong><\/li>\n\n\n\n<li><strong>Nektarine<\/strong><\/li>\n\n\n\n<li><strong>Pfirsich<\/strong><\/li>\n\n\n\n<li><strong>Rhabarber<\/strong><\/li>\n\n\n\n<li><strong>rote Johannisbeere<\/strong><\/li>\n\n\n\n<li><strong>Schwarze Johannisbeere<\/strong><br><br><\/li>\n<\/ul>\n\n\n\n<div class=\"wp-block-jetpack-tiled-gallery aligncenter is-style-rectangular\"><div class=\"\"><div class=\"tiled-gallery__gallery\"><div class=\"tiled-gallery__row\"><div class=\"tiled-gallery__col\" style=\"flex-basis:50.00000%\"><figure class=\"tiled-gallery__item\"><img decoding=\"async\" srcset=\"https:\/\/i0.wp.com\/afbeeldingen.thegreenlist.nl\/uploads\/2023\/06\/radijsjes-seizoensgroenten-juli.jpg?strip=info&#038;w=600&#038;ssl=1 600w,https:\/\/i0.wp.com\/afbeeldingen.thegreenlist.nl\/uploads\/2023\/06\/radijsjes-seizoensgroenten-juli.jpg?strip=info&#038;w=900&#038;ssl=1 900w\" alt=\"Radieschen haben in den Niederlanden im Juli Saison.\" data-height=\"675\" data-id=\"30486\" data-link=\"https:\/\/www.thegreenlist.nl\/seizoensfruit-juli-welk-fruit-en-groente-zijn-er-in-juli-in-het-seizoen\/radijsjes-seizoensgroenten-juli\/\" data-url=\"https:\/\/afbeeldingen.thegreenlist.nl\/uploads\/2023\/06\/radijsjes-seizoensgroenten-juli.jpg\" data-width=\"900\" src=\"https:\/\/i0.wp.com\/afbeeldingen.thegreenlist.nl\/uploads\/2023\/06\/radijsjes-seizoensgroenten-juli.jpg?ssl=1\" data-amp-layout=\"responsive\"\/><\/figure><\/div><div class=\"tiled-gallery__col\" style=\"flex-basis:50.00000%\"><figure class=\"tiled-gallery__item\"><img decoding=\"async\" srcset=\"https:\/\/i0.wp.com\/afbeeldingen.thegreenlist.nl\/uploads\/2023\/06\/salade-seizoensgroenten.jpg?strip=info&#038;w=600&#038;ssl=1 600w,https:\/\/i0.wp.com\/afbeeldingen.thegreenlist.nl\/uploads\/2023\/06\/salade-seizoensgroenten.jpg?strip=info&#038;w=900&#038;ssl=1 900w\" alt=\"Ein Sommersalat mit Gem\u00fcse der Saison und Obst der Saison.\" data-height=\"675\" data-id=\"30487\" data-link=\"https:\/\/www.thegreenlist.nl\/seizoensfruit-juli-welk-fruit-en-groente-zijn-er-in-juli-in-het-seizoen\/salade-seizoensgroenten\/\" data-url=\"https:\/\/afbeeldingen.thegreenlist.nl\/uploads\/2023\/06\/salade-seizoensgroenten.jpg\" data-width=\"900\" src=\"https:\/\/i0.wp.com\/afbeeldingen.thegreenlist.nl\/uploads\/2023\/06\/salade-seizoensgroenten.jpg?ssl=1\" data-amp-layout=\"responsive\"\/><\/figure><\/div><\/div><\/div><\/div><\/div>\n\n\n\n<p class=\"has-small-font-size\"><em>Das Gem\u00fcse der Saison im Juli eignet sich perfekt f\u00fcr einen Sommersalat!<\/em><\/p>\n\n\n\n<h2 class=\"wp-block-heading\">Welche saisonalen Obst- und Gem\u00fcsesorten enthalten die meiste Feuchtigkeit?<\/h2>\n\n\n\n<p>Sie sind kein Trinker, m\u00f6chten aber trotzdem etwas Fl\u00fcssigkeit zu sich nehmen? Dann f\u00fcgen Sie Ihrer Mahlzeit die folgenden saisonalen Gem\u00fcsesorten oder Fr\u00fcchte der Saison hinzu. Diese Obst- und Gem\u00fcsesorten haben im Juli Saison und weisen einen hohen Feuchtigkeitsgehalt auf: Gurke (96%), Sellerie (95%), Rettich (95%), Tomate (94%), gr\u00fcne Paprika (94%), Blumenkohl (92%), Spinat (91%), Erdbeere (91%), Brokkoli (91%), Karotte (90%), Heidelbeere (88%) und Himbeeren (85%). <\/p>\n\n\n\n<p>Achten Sie nur darauf, dass Sie das Gem\u00fcse oder Obst roh essen. Machen Sie zum Beispiel einen sch\u00f6nen Salat mit Gurke, Tomate und Paprika oder einen leckeren Obstsalat mit Erdbeeren, Heidelbeeren und Himbeeren. Wenn Sie Gem\u00fcse oder Obst kochen, geht Feuchtigkeit verloren. Dieser Effekt ist noch gr\u00f6\u00dfer, wenn Sie sie in den Ofen oder auf den Grill legen. Wenn Sie also an einem hei\u00dfen Tag Lust haben, abends zu grillen, machen Sie einen saftigen Salat mit Obst oder Gem\u00fcse der Saison dazu. Das gibt Ihnen nicht nur zus\u00e4tzliche Feuchtigkeit, sondern auch einen Vitaminschub. Wasser zu trinken ist nach wie vor wichtig; allein durch den Verzehr von saftigem Obst und Gem\u00fcse k\u00f6nnen Sie sich ein Glas Wasser pro Tag sparen.&nbsp;<\/p>\n\n\n\n<div class=\"wp-block-columns has-background is-layout-flex wp-container-core-columns-is-layout-28f84493 wp-block-columns-is-layout-flex\" style=\"background-color:#eff1ec\">\n<div class=\"wp-block-column is-layout-flow wp-block-column-is-layout-flow\">\n<h3 class=\"wp-block-heading\">Knoblauch aus niederl\u00e4ndischem Boden<\/h3>\n\n\n\n<p>Auch lecker zum Grillen: Knoblauch. Und der muss nicht von weit her kommen. Niederl\u00e4ndischer Knoblauch ist im Juli und August erh\u00e4ltlich.<\/p>\n\n\n\n<p class=\"has-small-font-size\"><em>Quelle: <a href=\"https:\/\/velt.nu\/\" target=\"_blank\" rel=\"noreferrer noopener nofollow\">Velt.nu<\/a><\/em><\/p>\n<\/div>\n<\/div>\n\n\n\n<h2 class=\"wp-block-heading\">Obst und Gem\u00fcse der Saison im Juli: nachhaltig, gesund und g\u00fcnstig<\/h2>\n\n\n\n<p>Wir hoffen, dass Sie nun leichter bewusste und gesunde Entscheidungen treffen k\u00f6nnen. Und mit etwas Gl\u00fcck werden Sie das auch in Ihrem Geldbeutel bemerken. Noch ein kleiner Tipp: Speichern Sie diese Liste als Lesezeichen auf Ihrem Handy. So haben Sie sie beim Einkaufen immer griffbereit und finden schnell das Obst und Gem\u00fcse der Saison Juli.<\/p>\n\n\n\n<h4 class=\"wp-block-heading\">Weitere nachhaltige Tipps von thegreenlist.nl<\/h4>\n\n\n\n<ul class=\"wp-block-list\">\n<li>Wenn Sie zu Hause gerne auf Holzkohle grillen, haben wir einen nachhaltigen Tipp: <a href=\"https:\/\/www.thegreenlist.nl\/de\/reine-holzkohle-vom-big-green-egg-grill-ohne-rauchfahne\/\"><em>Reine Holzkohle<\/em>\u00a0Von Big Green Egg.<\/a><\/li>\n\n\n\n<li>Was ist eigentlich mit all den Etiketten im Supermarkt? <a href=\"https:\/\/www.thegreenlist.nl\/de\/lebensmitteletiketten-haben-wir-fur-sie-recherchiert\/\">Wir haben f\u00fcr Sie recherchiert und listen die besten Lebensmittelkennzeichnungen f\u00fcr Sie auf.<\/a><\/li>\n\n\n\n<li>Sind Sie schon neugierig auf das Gem\u00fcse der Saison im August?&nbsp;<a href=\"https:\/\/www.thegreenlist.nl\/de\/saisonobst-august-welches-obst-und-gemuse-im-august-saison-hat\/\">Sie finden es hier<\/a>. <br><br><\/li>\n<\/ul>\n\n\n\n<p class=\"has-small-font-size\"><em>Quellen: <a href=\"https:\/\/velt.nu\/seizoenskalender\/\" target=\"_blank\" rel=\"noreferrer noopener nofollow\">Outdoor Living Feeling \u00fcber die Vorteile der saisonalen Ern\u00e4hrung<\/a>, <a href=\"https:\/\/www.ah.nl\/inspiratie\/duurzaamheid\/seizoensgroente-fruit\" target=\"_blank\" rel=\"noreferrer noopener\">Albert Heijn \u00fcber die Vorteile von saisonalem Obst und Gem\u00fcse<\/a>, <a href=\"https:\/\/groentegroente.nl\/seizoensgroenten\/januari\/\" target=\"_blank\" rel=\"noreferrer noopener\">Gem\u00fcseGroente.nl \u00fcber Gem\u00fcse der Saison nach L\u00e4ndern<\/a>, <a href=\"https:\/\/velt.nu\/seizoenskalender\/\" target=\"_blank\" rel=\"noreferrer noopener\">Velt's Saisonkalender f\u00fcr die Liste der saisonalen Gem\u00fcse und Fr\u00fcchte der Saison<\/a>, <a href=\"https:\/\/www.ad.nl\/koken-en-eten\/water-drinken-beu-ook-door-voeding-krijg-je-heel-wat-vocht-binnen~adc7abdd5\/\" target=\"_blank\" rel=\"noreferrer noopener\">AD.nl<\/a> und <a href=\"https:\/\/www.eetblog.nl\/voeding-veel-water\/\" target=\"_blank\" rel=\"noreferrer noopener\">Blog zum Thema Essen.nl<\/a> \u00dcber den Feuchtigkeitsgehalt von Obst und Gem\u00fcse.<\/em> <em>Bildnachweis: Grill: Mike Fox (Unsplash), Salat: Jill Wellington (Pexels)<\/em>,<em> thegreenlist.nl.<\/em><\/p>","protected":false},"excerpt":{"rendered":"<p>Hopelijk heeft de maand juli een paar mooie zomerdagen voor ons in petto. En wat is er dan lekkerder dan \u2018s avonds een heerlijke barbecue? Deze maand kun je duurzaam barbecue\u00ebn, want er zijn in Nederland in juli veel groentes in het seizoen. Gepofte aardappel, geroosterde paprika of courgette gaan prima op de barbecue. En [&hellip;]<\/p>\n","protected":false},"author":13,"featured_media":30488,"comment_status":"open","ping_status":"open","sticky":false,"template":"","format":"standard","meta":{"wprm-recipe-roundup-name":"","wprm-recipe-roundup-description":"","_jetpack_memberships_contains_paid_content":false,"footnotes":""},"categories":[874,6],"tags":[195,485,1270],"class_list":["post-28336","post","type-post","status-publish","format-standard","has-post-thumbnail","hentry","category-voeding-boodschappen","category-koken-recepten","tag-boodschappentips","tag-seizoensgroenten","tag-seizoensfruit"],"yoast_head":"<!-- This site is optimized with the Yoast SEO plugin v27.3 - https:\/\/yoast.com\/product\/yoast-seo-wordpress\/ -->\n<title>Seizoensfruit juli: welke groente en fruit zijn er in juli in het seizoen? - www.thegreenlist.nl<\/title>\n<meta name=\"description\" content=\"Zin in een duurzame vegan barbecue of een frisse fruitsalade? Met het seizoensfruit en de seizoensgroenten van juli is er genoeg keuze.\" \/>\n<meta name=\"robots\" content=\"index, follow, max-snippet:-1, max-image-preview:large, max-video-preview:-1\" \/>\n<link rel=\"canonical\" href=\"https:\/\/www.thegreenlist.nl\/de\/obst-der-saison-juli-welche-obst-und-gemusesorten-haben-im-juli-saison\/\" \/>\n<meta property=\"og:locale\" content=\"de_DE\" \/>\n<meta property=\"og:type\" content=\"article\" \/>\n<meta property=\"og:title\" content=\"Seizoensfruit juli: welke groente en fruit zijn er in juli in het seizoen? - www.thegreenlist.nl\" \/>\n<meta property=\"og:description\" content=\"Zin in een duurzame vegan barbecue of een frisse fruitsalade? Met het seizoensfruit en de seizoensgroenten van juli is er genoeg keuze.\" \/>\n<meta property=\"og:url\" content=\"https:\/\/www.thegreenlist.nl\/de\/obst-der-saison-juli-welche-obst-und-gemusesorten-haben-im-juli-saison\/\" \/>\n<meta property=\"og:site_name\" content=\"www.thegreenlist.nl\" \/>\n<meta property=\"article:published_time\" content=\"2023-07-02T06:20:56+00:00\" \/>\n<meta property=\"article:modified_time\" content=\"2025-11-26T15:46:55+00:00\" \/>\n<meta property=\"og:image\" content=\"https:\/\/afbeeldingen.thegreenlist.nl\/uploads\/2023\/06\/seizoensfruit-seizoensgroenten-juli.jpg\" \/>\n\t<meta property=\"og:image:width\" content=\"1200\" \/>\n\t<meta property=\"og:image:height\" content=\"800\" \/>\n\t<meta property=\"og:image:type\" content=\"image\/jpeg\" \/>\n<meta name=\"author\" content=\"Kirsten Schoner\" \/>\n<meta name=\"twitter:card\" content=\"summary_large_image\" \/>\n<meta name=\"twitter:label1\" content=\"Verfasst von\" \/>\n\t<meta name=\"twitter:data1\" content=\"Kirsten Schoner\" \/>\n\t<meta name=\"twitter:label2\" content=\"Gesch\u00e4tzte Lesezeit\" \/>\n\t<meta name=\"twitter:data2\" content=\"7\u00a0Minuten\" \/>\n<script type=\"application\/ld+json\" class=\"yoast-schema-graph\">{\"@context\":\"https:\\\/\\\/schema.org\",\"@graph\":[{\"@type\":\"Article\",\"@id\":\"https:\\\/\\\/www.thegreenlist.nl\\\/seizoensfruit-juli-welk-fruit-en-groente-zijn-er-in-juli-in-het-seizoen\\\/#article\",\"isPartOf\":{\"@id\":\"https:\\\/\\\/www.thegreenlist.nl\\\/seizoensfruit-juli-welk-fruit-en-groente-zijn-er-in-juli-in-het-seizoen\\\/\"},\"author\":{\"name\":\"Kirsten Schoner\",\"@id\":\"https:\\\/\\\/www.thegreenlist.nl\\\/en\\\/#\\\/schema\\\/person\\\/96a760332cc255d319c81e93c69b2c2d\"},\"headline\":\"Seizoensfruit juli: welke groente en fruit zijn er in juli in het seizoen?\",\"datePublished\":\"2023-07-02T06:20:56+00:00\",\"dateModified\":\"2025-11-26T15:46:55+00:00\",\"mainEntityOfPage\":{\"@id\":\"https:\\\/\\\/www.thegreenlist.nl\\\/seizoensfruit-juli-welk-fruit-en-groente-zijn-er-in-juli-in-het-seizoen\\\/\"},\"wordCount\":1075,\"commentCount\":0,\"publisher\":{\"@id\":\"https:\\\/\\\/www.thegreenlist.nl\\\/en\\\/#organization\"},\"image\":{\"@id\":\"https:\\\/\\\/www.thegreenlist.nl\\\/seizoensfruit-juli-welk-fruit-en-groente-zijn-er-in-juli-in-het-seizoen\\\/#primaryimage\"},\"thumbnailUrl\":\"https:\\\/\\\/afbeeldingen.thegreenlist.nl\\\/uploads\\\/2023\\\/06\\\/seizoensfruit-seizoensgroenten-juli.jpg\",\"keywords\":[\"boodschappentips\",\"seizoensgroenten\",\"seizoensfruit\"],\"articleSection\":[\"Voeding &amp; Boodschappen\",\"Koken &amp; Recepten\"],\"inLanguage\":\"de\",\"potentialAction\":[{\"@type\":\"CommentAction\",\"name\":\"Comment\",\"target\":[\"https:\\\/\\\/www.thegreenlist.nl\\\/seizoensfruit-juli-welk-fruit-en-groente-zijn-er-in-juli-in-het-seizoen\\\/#respond\"]}]},{\"@type\":\"WebPage\",\"@id\":\"https:\\\/\\\/www.thegreenlist.nl\\\/seizoensfruit-juli-welk-fruit-en-groente-zijn-er-in-juli-in-het-seizoen\\\/\",\"url\":\"https:\\\/\\\/www.thegreenlist.nl\\\/seizoensfruit-juli-welk-fruit-en-groente-zijn-er-in-juli-in-het-seizoen\\\/\",\"name\":\"Seizoensfruit juli: welke groente en fruit zijn er in juli in het seizoen? - www.thegreenlist.nl\",\"isPartOf\":{\"@id\":\"https:\\\/\\\/www.thegreenlist.nl\\\/en\\\/#website\"},\"primaryImageOfPage\":{\"@id\":\"https:\\\/\\\/www.thegreenlist.nl\\\/seizoensfruit-juli-welk-fruit-en-groente-zijn-er-in-juli-in-het-seizoen\\\/#primaryimage\"},\"image\":{\"@id\":\"https:\\\/\\\/www.thegreenlist.nl\\\/seizoensfruit-juli-welk-fruit-en-groente-zijn-er-in-juli-in-het-seizoen\\\/#primaryimage\"},\"thumbnailUrl\":\"https:\\\/\\\/afbeeldingen.thegreenlist.nl\\\/uploads\\\/2023\\\/06\\\/seizoensfruit-seizoensgroenten-juli.jpg\",\"datePublished\":\"2023-07-02T06:20:56+00:00\",\"dateModified\":\"2025-11-26T15:46:55+00:00\",\"description\":\"Zin in een duurzame vegan barbecue of een frisse fruitsalade? Met het seizoensfruit en de seizoensgroenten van juli is er genoeg keuze.\",\"breadcrumb\":{\"@id\":\"https:\\\/\\\/www.thegreenlist.nl\\\/seizoensfruit-juli-welk-fruit-en-groente-zijn-er-in-juli-in-het-seizoen\\\/#breadcrumb\"},\"inLanguage\":\"de\",\"potentialAction\":[{\"@type\":\"ReadAction\",\"target\":[\"https:\\\/\\\/www.thegreenlist.nl\\\/seizoensfruit-juli-welk-fruit-en-groente-zijn-er-in-juli-in-het-seizoen\\\/\"]}]},{\"@type\":\"ImageObject\",\"inLanguage\":\"de\",\"@id\":\"https:\\\/\\\/www.thegreenlist.nl\\\/seizoensfruit-juli-welk-fruit-en-groente-zijn-er-in-juli-in-het-seizoen\\\/#primaryimage\",\"url\":\"https:\\\/\\\/afbeeldingen.thegreenlist.nl\\\/uploads\\\/2023\\\/06\\\/seizoensfruit-seizoensgroenten-juli.jpg\",\"contentUrl\":\"https:\\\/\\\/afbeeldingen.thegreenlist.nl\\\/uploads\\\/2023\\\/06\\\/seizoensfruit-seizoensgroenten-juli.jpg\",\"width\":1200,\"height\":800,\"caption\":\"Seizoensfruit juli: welk fruit en groente zijn er in juli in het seizoen?\"},{\"@type\":\"BreadcrumbList\",\"@id\":\"https:\\\/\\\/www.thegreenlist.nl\\\/seizoensfruit-juli-welk-fruit-en-groente-zijn-er-in-juli-in-het-seizoen\\\/#breadcrumb\",\"itemListElement\":[{\"@type\":\"ListItem\",\"position\":1,\"name\":\"Home\",\"item\":\"https:\\\/\\\/www.thegreenlist.nl\\\/\"},{\"@type\":\"ListItem\",\"position\":2,\"name\":\"Seizoensfruit juli: welke groente en fruit zijn er in juli in het seizoen?\"}]},{\"@type\":\"WebSite\",\"@id\":\"https:\\\/\\\/www.thegreenlist.nl\\\/en\\\/#website\",\"url\":\"https:\\\/\\\/www.thegreenlist.nl\\\/en\\\/\",\"name\":\"www.thegreenlist.nl\",\"description\":\"Alles voor een groenere lifestyle\",\"publisher\":{\"@id\":\"https:\\\/\\\/www.thegreenlist.nl\\\/en\\\/#organization\"},\"potentialAction\":[{\"@type\":\"SearchAction\",\"target\":{\"@type\":\"EntryPoint\",\"urlTemplate\":\"https:\\\/\\\/www.thegreenlist.nl\\\/en\\\/?s={search_term_string}\"},\"query-input\":{\"@type\":\"PropertyValueSpecification\",\"valueRequired\":true,\"valueName\":\"search_term_string\"}}],\"inLanguage\":\"de\"},{\"@type\":\"Organization\",\"@id\":\"https:\\\/\\\/www.thegreenlist.nl\\\/en\\\/#organization\",\"name\":\"www.thegreenlist.nl\",\"url\":\"https:\\\/\\\/www.thegreenlist.nl\\\/en\\\/\",\"logo\":{\"@type\":\"ImageObject\",\"inLanguage\":\"de\",\"@id\":\"https:\\\/\\\/www.thegreenlist.nl\\\/en\\\/#\\\/schema\\\/logo\\\/image\\\/\",\"url\":\"https:\\\/\\\/afbeeldingen.thegreenlist.nl\\\/uploads\\\/2022\\\/01\\\/Middel-1-100.jpg\",\"contentUrl\":\"https:\\\/\\\/afbeeldingen.thegreenlist.nl\\\/uploads\\\/2022\\\/01\\\/Middel-1-100.jpg\",\"width\":342,\"height\":342,\"caption\":\"www.thegreenlist.nl\"},\"image\":{\"@id\":\"https:\\\/\\\/www.thegreenlist.nl\\\/en\\\/#\\\/schema\\\/logo\\\/image\\\/\"}},{\"@type\":\"Person\",\"@id\":\"https:\\\/\\\/www.thegreenlist.nl\\\/en\\\/#\\\/schema\\\/person\\\/96a760332cc255d319c81e93c69b2c2d\",\"name\":\"Kirsten Schoner\",\"image\":{\"@type\":\"ImageObject\",\"inLanguage\":\"de\",\"@id\":\"https:\\\/\\\/afbeeldingen.thegreenlist.nl\\\/uploads\\\/2024\\\/11\\\/Kirsten-thegreenlistnl-100x100.jpg\",\"url\":\"https:\\\/\\\/afbeeldingen.thegreenlist.nl\\\/uploads\\\/2024\\\/11\\\/Kirsten-thegreenlistnl-100x100.jpg\",\"contentUrl\":\"https:\\\/\\\/afbeeldingen.thegreenlist.nl\\\/uploads\\\/2024\\\/11\\\/Kirsten-thegreenlistnl-100x100.jpg\",\"caption\":\"Kirsten Schoner\"},\"description\":\"Kirsten schrijft graag over duurzaam ouderschap. Als content manager is ze een stille kracht achter het online magazine. Dit doet ze vanuit Oostenrijk waar ze met haar man en twee dochters zo duurzaam mogelijk probeert te leven.\",\"url\":\"https:\\\/\\\/www.thegreenlist.nl\\\/de\\\/author\\\/kirsten\\\/\"}]}<\/script>\n<!-- \/ Yoast SEO plugin. -->","yoast_head_json":{"title":"Saisonales Obst Juli: Welches Obst und Gem\u00fcse hat im Juli Saison? - www.thegreenlist.nl","description":"Lust auf ein nachhaltiges veganes Barbecue oder einen frischen Obstsalat? Mit dem saisonalen Obst und Gem\u00fcse des Monats Juli gibt es eine gro\u00dfe Auswahl.","robots":{"index":"index","follow":"follow","max-snippet":"max-snippet:-1","max-image-preview":"max-image-preview:large","max-video-preview":"max-video-preview:-1"},"canonical":"https:\/\/www.thegreenlist.nl\/de\/obst-der-saison-juli-welche-obst-und-gemusesorten-haben-im-juli-saison\/","og_locale":"de_DE","og_type":"article","og_title":"Seizoensfruit juli: welke groente en fruit zijn er in juli in het seizoen? - www.thegreenlist.nl","og_description":"Zin in een duurzame vegan barbecue of een frisse fruitsalade? Met het seizoensfruit en de seizoensgroenten van juli is er genoeg keuze.","og_url":"https:\/\/www.thegreenlist.nl\/de\/obst-der-saison-juli-welche-obst-und-gemusesorten-haben-im-juli-saison\/","og_site_name":"www.thegreenlist.nl","article_published_time":"2023-07-02T06:20:56+00:00","article_modified_time":"2025-11-26T15:46:55+00:00","og_image":[{"width":1200,"height":800,"url":"https:\/\/afbeeldingen.thegreenlist.nl\/uploads\/2023\/06\/seizoensfruit-seizoensgroenten-juli.jpg","type":"image\/jpeg"}],"author":"Kirsten Schoner","twitter_card":"summary_large_image","twitter_misc":{"Verfasst von":"Kirsten Schoner","Gesch\u00e4tzte Lesezeit":"7\u00a0Minuten"},"schema":{"@context":"https:\/\/schema.org","@graph":[{"@type":"Article","@id":"https:\/\/www.thegreenlist.nl\/seizoensfruit-juli-welk-fruit-en-groente-zijn-er-in-juli-in-het-seizoen\/#article","isPartOf":{"@id":"https:\/\/www.thegreenlist.nl\/seizoensfruit-juli-welk-fruit-en-groente-zijn-er-in-juli-in-het-seizoen\/"},"author":{"name":"Kirsten Schoner","@id":"https:\/\/www.thegreenlist.nl\/en\/#\/schema\/person\/96a760332cc255d319c81e93c69b2c2d"},"headline":"Seizoensfruit juli: welke groente en fruit zijn er in juli in het seizoen?","datePublished":"2023-07-02T06:20:56+00:00","dateModified":"2025-11-26T15:46:55+00:00","mainEntityOfPage":{"@id":"https:\/\/www.thegreenlist.nl\/seizoensfruit-juli-welk-fruit-en-groente-zijn-er-in-juli-in-het-seizoen\/"},"wordCount":1075,"commentCount":0,"publisher":{"@id":"https:\/\/www.thegreenlist.nl\/en\/#organization"},"image":{"@id":"https:\/\/www.thegreenlist.nl\/seizoensfruit-juli-welk-fruit-en-groente-zijn-er-in-juli-in-het-seizoen\/#primaryimage"},"thumbnailUrl":"https:\/\/afbeeldingen.thegreenlist.nl\/uploads\/2023\/06\/seizoensfruit-seizoensgroenten-juli.jpg","keywords":["boodschappentips","seizoensgroenten","seizoensfruit"],"articleSection":["Voeding &amp; Boodschappen","Koken &amp; Recepten"],"inLanguage":"de","potentialAction":[{"@type":"CommentAction","name":"Comment","target":["https:\/\/www.thegreenlist.nl\/seizoensfruit-juli-welk-fruit-en-groente-zijn-er-in-juli-in-het-seizoen\/#respond"]}]},{"@type":"WebPage","@id":"https:\/\/www.thegreenlist.nl\/seizoensfruit-juli-welk-fruit-en-groente-zijn-er-in-juli-in-het-seizoen\/","url":"https:\/\/www.thegreenlist.nl\/seizoensfruit-juli-welk-fruit-en-groente-zijn-er-in-juli-in-het-seizoen\/","name":"Saisonales Obst Juli: Welches Obst und Gem\u00fcse hat im Juli Saison? - www.thegreenlist.nl","isPartOf":{"@id":"https:\/\/www.thegreenlist.nl\/en\/#website"},"primaryImageOfPage":{"@id":"https:\/\/www.thegreenlist.nl\/seizoensfruit-juli-welk-fruit-en-groente-zijn-er-in-juli-in-het-seizoen\/#primaryimage"},"image":{"@id":"https:\/\/www.thegreenlist.nl\/seizoensfruit-juli-welk-fruit-en-groente-zijn-er-in-juli-in-het-seizoen\/#primaryimage"},"thumbnailUrl":"https:\/\/afbeeldingen.thegreenlist.nl\/uploads\/2023\/06\/seizoensfruit-seizoensgroenten-juli.jpg","datePublished":"2023-07-02T06:20:56+00:00","dateModified":"2025-11-26T15:46:55+00:00","description":"Lust auf ein nachhaltiges veganes Barbecue oder einen frischen Obstsalat? Mit dem saisonalen Obst und Gem\u00fcse des Monats Juli gibt es eine gro\u00dfe Auswahl.","breadcrumb":{"@id":"https:\/\/www.thegreenlist.nl\/seizoensfruit-juli-welk-fruit-en-groente-zijn-er-in-juli-in-het-seizoen\/#breadcrumb"},"inLanguage":"de","potentialAction":[{"@type":"ReadAction","target":["https:\/\/www.thegreenlist.nl\/seizoensfruit-juli-welk-fruit-en-groente-zijn-er-in-juli-in-het-seizoen\/"]}]},{"@type":"ImageObject","inLanguage":"de","@id":"https:\/\/www.thegreenlist.nl\/seizoensfruit-juli-welk-fruit-en-groente-zijn-er-in-juli-in-het-seizoen\/#primaryimage","url":"https:\/\/afbeeldingen.thegreenlist.nl\/uploads\/2023\/06\/seizoensfruit-seizoensgroenten-juli.jpg","contentUrl":"https:\/\/afbeeldingen.thegreenlist.nl\/uploads\/2023\/06\/seizoensfruit-seizoensgroenten-juli.jpg","width":1200,"height":800,"caption":"Seizoensfruit juli: welk fruit en groente zijn er in juli in het seizoen?"},{"@type":"BreadcrumbList","@id":"https:\/\/www.thegreenlist.nl\/seizoensfruit-juli-welk-fruit-en-groente-zijn-er-in-juli-in-het-seizoen\/#breadcrumb","itemListElement":[{"@type":"ListItem","position":1,"name":"Home","item":"https:\/\/www.thegreenlist.nl\/"},{"@type":"ListItem","position":2,"name":"Seizoensfruit juli: welke groente en fruit zijn er in juli in het seizoen?"}]},{"@type":"WebSite","@id":"https:\/\/www.thegreenlist.nl\/en\/#website","url":"https:\/\/www.thegreenlist.nl\/en\/","name":"www.thegreenlist.nl","description":"Alles f\u00fcr einen gr\u00fcneren Lebensstil","publisher":{"@id":"https:\/\/www.thegreenlist.nl\/en\/#organization"},"potentialAction":[{"@type":"SearchAction","target":{"@type":"EntryPoint","urlTemplate":"https:\/\/www.thegreenlist.nl\/en\/?s={search_term_string}"},"query-input":{"@type":"PropertyValueSpecification","valueRequired":true,"valueName":"search_term_string"}}],"inLanguage":"de"},{"@type":"Organization","@id":"https:\/\/www.thegreenlist.nl\/en\/#organization","name":"www.thegreenlist.nl","url":"https:\/\/www.thegreenlist.nl\/en\/","logo":{"@type":"ImageObject","inLanguage":"de","@id":"https:\/\/www.thegreenlist.nl\/en\/#\/schema\/logo\/image\/","url":"https:\/\/afbeeldingen.thegreenlist.nl\/uploads\/2022\/01\/Middel-1-100.jpg","contentUrl":"https:\/\/afbeeldingen.thegreenlist.nl\/uploads\/2022\/01\/Middel-1-100.jpg","width":342,"height":342,"caption":"www.thegreenlist.nl"},"image":{"@id":"https:\/\/www.thegreenlist.nl\/en\/#\/schema\/logo\/image\/"}},{"@type":"Person","@id":"https:\/\/www.thegreenlist.nl\/en\/#\/schema\/person\/96a760332cc255d319c81e93c69b2c2d","name":"Kirsten Schoner","image":{"@type":"ImageObject","inLanguage":"de","@id":"https:\/\/afbeeldingen.thegreenlist.nl\/uploads\/2024\/11\/Kirsten-thegreenlistnl-100x100.jpg","url":"https:\/\/afbeeldingen.thegreenlist.nl\/uploads\/2024\/11\/Kirsten-thegreenlistnl-100x100.jpg","contentUrl":"https:\/\/afbeeldingen.thegreenlist.nl\/uploads\/2024\/11\/Kirsten-thegreenlistnl-100x100.jpg","caption":"Kirsten Schoner"},"description":"Kirsten schreibt gerne \u00fcber nachhaltige Kindererziehung. Als Content Managerin ist sie die stille Kraft hinter dem Online-Magazin. Sie tut dies von \u00d6sterreich aus, wo sie mit ihrem Mann und ihren beiden T\u00f6chtern versucht, so nachhaltig wie m\u00f6glich zu leben.","url":"https:\/\/www.thegreenlist.nl\/de\/author\/kirsten\/"}]}},"jetpack_featured_media_url":"https:\/\/afbeeldingen.thegreenlist.nl\/uploads\/2023\/06\/seizoensfruit-seizoensgroenten-juli.jpg","jetpack_sharing_enabled":true,"_links":{"self":[{"href":"https:\/\/www.thegreenlist.nl\/de\/wp-json\/wp\/v2\/posts\/28336","targetHints":{"allow":["GET"]}}],"collection":[{"href":"https:\/\/www.thegreenlist.nl\/de\/wp-json\/wp\/v2\/posts"}],"about":[{"href":"https:\/\/www.thegreenlist.nl\/de\/wp-json\/wp\/v2\/types\/post"}],"author":[{"embeddable":true,"href":"https:\/\/www.thegreenlist.nl\/de\/wp-json\/wp\/v2\/users\/13"}],"replies":[{"embeddable":true,"href":"https:\/\/www.thegreenlist.nl\/de\/wp-json\/wp\/v2\/comments?post=28336"}],"version-history":[{"count":0,"href":"https:\/\/www.thegreenlist.nl\/de\/wp-json\/wp\/v2\/posts\/28336\/revisions"}],"wp:featuredmedia":[{"embeddable":true,"href":"https:\/\/www.thegreenlist.nl\/de\/wp-json\/wp\/v2\/media\/30488"}],"wp:attachment":[{"href":"https:\/\/www.thegreenlist.nl\/de\/wp-json\/wp\/v2\/media?parent=28336"}],"wp:term":[{"taxonomy":"category","embeddable":true,"href":"https:\/\/www.thegreenlist.nl\/de\/wp-json\/wp\/v2\/categories?post=28336"},{"taxonomy":"post_tag","embeddable":true,"href":"https:\/\/www.thegreenlist.nl\/de\/wp-json\/wp\/v2\/tags?post=28336"}],"curies":[{"name":"wp","href":"https:\/\/api.w.org\/{rel}","templated":true}]}}