{"id":28338,"date":"2023-08-01T19:00:00","date_gmt":"2023-08-01T17:00:00","guid":{"rendered":"https:\/\/www.thegreenlist.nl\/?p=28338"},"modified":"2025-11-26T16:17:21","modified_gmt":"2025-11-26T15:17:21","slug":"saisonobst-august-welches-obst-und-gemuse-im-august-saison-hat","status":"publish","type":"post","link":"https:\/\/www.thegreenlist.nl\/de\/seizoensfruit-augustus-welke-groente-en-fruit-zijn-er-in-augustus-in-het-seizoen\/","title":{"rendered":"Saisonales Obst August: Welches Obst und Gem\u00fcse hat im August Saison?"},"content":{"rendered":"<div id=\"bsf_rt_marker\"><\/div>\n<p><strong>Obstliebhaber aufgepasst! Der August ist ein wahres Schlaraffenland f\u00fcr Obstliebhaber: In diesem Monat gibt es mit Abstand das meiste Saisonobst des ganzen Jahres. Trauben, Pflaumen, Feigen und sogar Melonen k\u00f6nnen in diesem Monat in der niederl\u00e4ndischen Erde oder in unbeheizten Gew\u00e4chsh\u00e4usern wachsen. Aber auch f\u00fcr Gem\u00fcseliebhaber gibt es in diesem Monat mehr als genug Auswahl! Nicht weniger als 36 Gem\u00fcsesorten haben im August Saison. Sind Sie neugierig, welches saisonale Obst und Gem\u00fcse Sie im August getrost in Ihren Einkaufskorb legen k\u00f6nnen? <\/strong><\/p>\n\n\n\n<!--more-->\n\n\n\n<h2 class=\"wp-block-heading\">August: der beste Monat f\u00fcr niederl\u00e4ndisches Obst der Saison<\/h2>\n\n\n\n<p class=\"has-small-font-size\"><em>Dank an Crisp f\u00fcr die saisonalen Produkte<\/em><\/p>\n\n\n\n<p>Wenn man sich nach den Jahreszeiten richtet, ist der August ein guter Monat. Der niederl\u00e4ndische Boden h\u00e4lt so viele K\u00f6stlichkeiten bereit. Vor allem wenn es um Obst der Saison geht, ist der August der beste Monat des Jahres. Im August haben in den Niederlanden bis zu 15 Obstsorten Saison. Haben Sie sich zu sehr gefreut und sich mit zu viel Obst eingedeckt? Keine Sorge, ich verrate Ihnen sp\u00e4ter, wie und wo Sie das Obst der Saison im August am besten lagern, damit es l\u00e4nger haltbar ist und Sie es l\u00e4nger genie\u00dfen k\u00f6nnen.<\/p>\n\n\n\n<div class=\"wp-block-jetpack-tiled-gallery aligncenter is-style-rectangular\"><div class=\"\"><div class=\"tiled-gallery__gallery\"><div class=\"tiled-gallery__row\"><div class=\"tiled-gallery__col\" style=\"flex-basis:63.96299%\"><figure class=\"tiled-gallery__item\"><img decoding=\"async\" srcset=\"https:\/\/i0.wp.com\/afbeeldingen.thegreenlist.nl\/uploads\/2023\/07\/seizoensfruit-augustus.jpg?strip=info&#038;w=600&#038;ssl=1 600w,https:\/\/i0.wp.com\/afbeeldingen.thegreenlist.nl\/uploads\/2023\/07\/seizoensfruit-augustus.jpg?strip=info&#038;w=900&#038;ssl=1 900w\" alt=\"Saisonale Fr\u00fcchte wie Erdbeeren, Kirschen, schwarze Johannisbeeren, Himbeeren und Brombeeren, die im August auf den Tisch kommen.\" data-height=\"675\" data-id=\"31881\" data-link=\"https:\/\/www.thegreenlist.nl\/seizoensfruit-augustus-welke-groente-en-fruit-zijn-er-in-augustus-in-het-seizoen\/seizoensfruit-augustus\/\" data-url=\"https:\/\/afbeeldingen.thegreenlist.nl\/uploads\/2023\/07\/seizoensfruit-augustus.jpg\" data-width=\"900\" src=\"https:\/\/i0.wp.com\/afbeeldingen.thegreenlist.nl\/uploads\/2023\/07\/seizoensfruit-augustus.jpg?ssl=1\" data-amp-layout=\"responsive\" tabindex=\"0\" role=\"button\" aria-label=\"Bild 1 oder 2 im Vollbildmodus \u00f6ffnen\"\/><\/figure><\/div><div class=\"tiled-gallery__col\" style=\"flex-basis:36.03701%\"><figure class=\"tiled-gallery__item\"><img decoding=\"async\" srcset=\"https:\/\/i0.wp.com\/afbeeldingen.thegreenlist.nl\/uploads\/2023\/07\/saskia-greenlist-bietjes.jpg?strip=info&#038;w=600&#038;ssl=1 600w\" alt=\"R\u00fcben aus niederl\u00e4ndischer Erde im Garten halten.\" data-height=\"800\" data-id=\"31880\" data-link=\"https:\/\/www.thegreenlist.nl\/seizoensfruit-augustus-welke-groente-en-fruit-zijn-er-in-augustus-in-het-seizoen\/saskia-greenlist-bietjes\/\" data-url=\"https:\/\/afbeeldingen.thegreenlist.nl\/uploads\/2023\/07\/saskia-greenlist-bietjes.jpg\" data-width=\"600\" src=\"https:\/\/i0.wp.com\/afbeeldingen.thegreenlist.nl\/uploads\/2023\/07\/saskia-greenlist-bietjes.jpg?ssl=1\" data-amp-layout=\"responsive\" tabindex=\"0\" role=\"button\" aria-label=\"Bild 2 oder 2 im Vollbildmodus \u00f6ffnen\"\/><\/figure><\/div><\/div><\/div><\/div><\/div>\n\n\n\n<p class=\"has-small-font-size\"><em>Obst der Saison im August und sch\u00f6ne Sommerr\u00fcben.<\/em><\/p>\n\n\n\n<h2 class=\"wp-block-heading\">Die Vorteile von Obst und Gem\u00fcse der Saison<\/h2>\n\n\n\n<p>Die Superm\u00e4rkte sind jeden Monat voll mit Obst und Gem\u00fcse. Warum sollte man sich die M\u00fche machen, darauf zu achten, welches Obst oder Gem\u00fcse in den Niederlanden gerade Saison hat? Zum einen ist das besser f\u00fcr die Umwelt. Frische Produkte, die einen l\u00e4ngeren Transportweg haben oder in beheizten Gew\u00e4chsh\u00e4usern angebaut werden, haben im Allgemeinen eine gr\u00f6\u00dfere Umweltbelastung. Aber wussten Sie auch, dass saisonales Obst und Gem\u00fcse besser f\u00fcr Ihre Gesundheit ist? Da der Transportweg k\u00fcrzer ist, ist das Obst oder Gem\u00fcse reifer, bevor es geerntet wird. Dadurch gehen weniger N\u00e4hrstoffe verloren. Saisonales Obst und Gem\u00fcse enth\u00e4lt auch mehr N\u00e4hrstoffe, weil es weniger lange gelagert wird. Au\u00dferdem werden oft weniger Pestizide eingesetzt, da sie weniger anf\u00e4llig f\u00fcr Krankheiten sind. Und schlie\u00dflich ist es in der Regel viel billiger, Obst und Gem\u00fcse der Saison zu kaufen.<\/p>\n\n\n\n<h2 class=\"wp-block-heading\">Obst und Gem\u00fcse aus den Niederlanden sind nicht immer die nachhaltigste Wahl<\/h2>\n\n\n\n<p>Da Sie nun von den Vorteilen von saisonalem Obst und Gem\u00fcse \u00fcberzeugt sind, k\u00f6nnen Sie beim Einkaufen darauf achten. Da das Herkunftsland auf der Verpackung angegeben ist, entscheiden Sie sich vielleicht daf\u00fcr, Obst oder Gem\u00fcse aus den Niederlanden zu kaufen. Leider ist dies nicht immer die nachhaltigste Wahl. Denn im Supermarkt k\u00f6nnen Sie nicht erkennen, ob das Obst oder Gem\u00fcse in einem beheizten Gew\u00e4chshaus angebaut wurde. Ein Salatkopf aus den Niederlanden kann zum Beispiel im Juli die nachhaltigste Wahl sein, w\u00e4hrend im Januar ein Salatkopf aus Spanien nachhaltiger ist, weil er im Freien w\u00e4chst. Ziemlich verwirrend, oder? Um es Ihnen leichter zu machen, haben wir f\u00fcr Sie herausgefunden, welche Obst- und Gem\u00fcsesorten in den Niederlanden in voller Erde oder in unbeheizten Gew\u00e4chsh\u00e4usern wachsen. Im August sind dies die folgenden Obst- und Gem\u00fcsesorten:<\/p>\n\n\n\n<h3 class=\"wp-block-heading\">Niederl\u00e4ndisches Gem\u00fcse der Saison August:<\/h3>\n\n\n\n<div class=\"wp-block-columns is-layout-flex wp-container-core-columns-is-layout-28f84493 wp-block-columns-is-layout-flex\">\n<div class=\"wp-block-column is-layout-flow wp-block-column-is-layout-flow\" style=\"flex-basis:66.66%\">\n<ul class=\"wp-block-list\">\n<li><strong>Kartoffel<\/strong> (Inspirationsrezept: <a href=\"https:\/\/www.thegreenlist.nl\/de\/kinderfreundliches-veganes-rezept-tikka-masala-mit-linsen-paprika-und-kartoffeln\/\">Tikka-Masala mit Linsen, Paprika und Kartoffeln<\/a>)<\/li>\n\n\n\n<li><strong>Endivie<\/strong><\/li>\n\n\n\n<li><strong>Artischocke<\/strong><\/li>\n\n\n\n<li><strong>Aubergine<\/strong> (Inspirationsrezept: <a href=\"https:\/\/www.thegreenlist.nl\/de\/recept-chinese-aubergine-in-szechuansaus\/\">Chinesische Aubergine in Szechuan-Sauce<\/a>)<\/li>\n\n\n\n<li><strong>Staudensellerie<\/strong><\/li>\n\n\n\n<li><strong>Blumenkohl<\/strong> (Inspirationsrezept:&nbsp;<a href=\"https:\/\/www.thegreenlist.nl\/de\/rezept-ganzer-gerosteter-blumenkohl-aus-dem-ofen\/\">ganzer ger\u00f6steter Blumenkohl aus dem Ofen<\/a>)<\/li>\n\n\n\n<li><strong>Brokkoli<\/strong> (Inspirationsrezept: <a href=\"https:\/\/www.thegreenlist.nl\/de\/einfaches-rezept-fur-das-leckerste-pfannengemuse\/\">einfaches Rezept f\u00fcr das leckerste Pfannengem\u00fcse<\/a>)<\/li>\n\n\n\n<li><strong>Chinakohl<\/strong><\/li>\n\n\n\n<li><strong>Zucchini<\/strong> (Inspirationsrezept: <a href=\"https:\/\/www.thegreenlist.nl\/de\/veganes-massaman-curry-rezept-mit-linsen-und-gerettetem-gemuse\/\">Curry-Rezept mit Linsen und gerettetem Gem\u00fcse<\/a>)<\/li>\n\n\n\n<li><strong>Gr\u00fcner Staudensellerie<\/strong><\/li>\n\n\n\n<li><strong>Knollensellerie<\/strong> (Inspirationsrezept: <a href=\"https:\/\/www.thegreenlist.nl\/de\/knollensellerielasagne-mit-veganer-bolognese\/\">Knollensellerielasagne mit veganer Bolognese<\/a>)<\/li>\n\n\n\n<li><strong>Gurke<\/strong> <\/li>\n\n\n\n<li><strong>Kohlrabi<\/strong><\/li>\n\n\n\n<li><strong>Kopfsalat<\/strong><\/li>\n\n\n\n<li><strong>Mais<\/strong><\/li>\n\n\n\n<li><strong>Pak Choi<\/strong><\/li>\n\n\n\n<li><strong>Pfeffer<\/strong> (Inspirationsrezept: <a href=\"https:\/\/www.thegreenlist.nl\/de\/gefullte-paprikaschoten-mit-spinat\/\">Gef\u00fcllte Paprikaschoten mit Spinat und Couscous<\/a>)<\/li>\n\n\n\n<li><strong>K\u00fcrbis<\/strong> (Inspirationsrezept: <a href=\"https:\/\/www.thegreenlist.nl\/de\/veganes-rezept-kurbis-curry-quiche\/\">K\u00fcrbis-Curry-Quiche<\/a>)<\/li>\n\n\n\n<li><strong>Lauch<\/strong> (Inspirationsrezept: <a href=\"https:\/\/www.thegreenlist.nl\/de\/einfaches-rezept-fur-eine-cremige-sellerie-lauch-suppe\/\">Rahmige Sellerie-Lauch-Suppe<\/a>)<\/li>\n\n\n\n<li><strong>Kohlrabi<\/strong><\/li>\n\n\n\n<li><strong>Rettich<\/strong><\/li>\n\n\n\n<li><strong>Rote Beete<\/strong><\/li>\n\n\n\n<li><strong>Rotkohl<\/strong><\/li>\n\n\n\n<li><strong>Wirsingkohl<\/strong><\/li>\n\n\n\n<li><strong>Saubohne<\/strong><\/li>\n\n\n\n<li><strong>gr\u00fcne Bohne<\/strong> (Inspirationsrezept: <a href=\"https:\/\/www.thegreenlist.nl\/de\/einfaches-veganes-rezept-grune-bohnen-kartoffel-curry\/\">Curry mit gr\u00fcnen Bohnen und Kartoffeln<\/a>)<\/li>\n\n\n\n<li><strong>Spinat<\/strong> (Inspirationsrezept: <a href=\"https:\/\/www.thegreenlist.nl\/de\/veganes-curry-rezept-wurziger-spinat\/\">Gew\u00fcrzspinat nach indischer Art<\/a>)<\/li>\n\n\n\n<li><strong>Spitzkohl<\/strong> (Inspirationsrezept: <a href=\"https:\/\/www.thegreenlist.nl\/de\/vegan-rendang-recept-spitskool\/\">veganes Rendang mit Spitzkohl<\/a>)<\/li>\n\n\n\n<li><strong>Tomate<\/strong> (Inspirationsrezept: <a href=\"https:\/\/www.thegreenlist.nl\/de\/gnocchi-mit-gemuse-in-tomatensauce\/\">vegane Gnocchi mit Gem\u00fcse in Tomatensauce<\/a>)<\/li>\n\n\n\n<li><strong>Zwiebel<\/strong> (Inspirationsrezept: <a href=\"https:\/\/www.thegreenlist.nl\/de\/rezept-vegane-linsensuppe\/\">vegane Linsensuppe<\/a>)<\/li>\n\n\n\n<li><strong>Fenchel<\/strong><\/li>\n\n\n\n<li><strong>Kriegshelden<\/strong><\/li>\n\n\n\n<li><strong>Brunnenkresse<\/strong><\/li>\n\n\n\n<li><strong>Wei\u00dfkohl<\/strong><\/li>\n\n\n\n<li><strong>Wurzel<\/strong> (Inspirationsrezept: <a href=\"https:\/\/www.thegreenlist.nl\/de\/wortel-recept-wortels-op-marokkaanse-wijze\/\">M\u00f6hren nach marokkanischer Art<\/a>)<\/li>\n<\/ul>\n<\/div>\n\n\n\n<div class=\"wp-block-column is-layout-flow wp-block-column-is-layout-flow\" style=\"flex-basis:33.33%\">\n<figure class=\"wp-block-image size-large\"><img fetchpriority=\"high\" decoding=\"async\" width=\"1024\" height=\"768\" src=\"https:\/\/afbeeldingen.thegreenlist.nl\/uploads\/2022\/05\/broccoli-roerbakken-1024x768.jpg\" alt=\"Brokkoli schnell gebraten\" class=\"wp-image-19214\" srcset=\"https:\/\/afbeeldingen.thegreenlist.nl\/uploads\/2022\/05\/broccoli-roerbakken-1000x750.jpg 1000w, https:\/\/afbeeldingen.thegreenlist.nl\/uploads\/2022\/05\/broccoli-roerbakken-300x225.jpg 300w, https:\/\/afbeeldingen.thegreenlist.nl\/uploads\/2022\/05\/broccoli-roerbakken-1024x768.jpg 1024w, https:\/\/afbeeldingen.thegreenlist.nl\/uploads\/2022\/05\/broccoli-roerbakken-768x576.jpg 768w, https:\/\/afbeeldingen.thegreenlist.nl\/uploads\/2022\/05\/broccoli-roerbakken-1536x1152.jpg 1536w, https:\/\/afbeeldingen.thegreenlist.nl\/uploads\/2022\/05\/broccoli-roerbakken-500x375.jpg 500w, https:\/\/afbeeldingen.thegreenlist.nl\/uploads\/2022\/05\/broccoli-roerbakken.jpg 1672w\" sizes=\"(max-width: 1024px) 100vw, 1024px\" \/><\/figure>\n\n\n\n<p><em>Brokkoli, an dem Bl\u00fcten wachsen, kann k\u00f6stlich unter R\u00fchren gebraten werden.<\/em><\/p>\n<\/div>\n<\/div>\n\n\n\n<h3 class=\"wp-block-heading\">Niederl\u00e4ndisches Obst der Saison August:<\/h3>\n\n\n\n<ul class=\"wp-block-list\">\n<li><strong>Erdbeere<\/strong><\/li>\n\n\n\n<li><strong>Aprikose<\/strong><\/li>\n\n\n\n<li><strong>Apfel<\/strong> (Inspirationsrezept: <a href=\"https:\/\/www.thegreenlist.nl\/de\/apfelpuree-selbst-herstellen\/\">Apfelp\u00fcree<\/a>)<\/li>\n\n\n\n<li><strong>Blaubeere<\/strong><\/li>\n\n\n\n<li><strong>Brombeere<\/strong><\/li>\n\n\n\n<li><strong>Trauben<\/strong><\/li>\n\n\n\n<li><strong>Himbeere<\/strong><\/li>\n\n\n\n<li><strong>Kirsche<\/strong><\/li>\n\n\n\n<li><strong>Melone<\/strong><\/li>\n\n\n\n<li><strong>Nektarine<\/strong><\/li>\n\n\n\n<li><strong>Birne<\/strong><\/li>\n\n\n\n<li><strong>Pfirsich<\/strong><\/li>\n\n\n\n<li><strong>Pflaume<\/strong><\/li>\n\n\n\n<li><strong>Abbildung<\/strong> (Inspirationsrezept: <a href=\"https:\/\/www.thegreenlist.nl\/de\/kandierte-grune-feigen-kostlich-zum-dessert-oder-zur-kaseplatte\/\">kandierte gr\u00fcne Feigen<\/a>)<\/li>\n\n\n\n<li><strong>Schwarze Johannisbeere<\/strong><br><br><\/li>\n<\/ul>\n\n\n\n<p>Ideen f\u00fcr sch\u00f6ne Obstspie\u00dfe und erfrischende Eiscremes mit Fr\u00fcchten der Saison im August finden Sie in <a href=\"https:\/\/www.thegreenlist.nl\/de\/7-ideen-fur-nachhaltige-schulspeisungen-gesund-fur-kinder-und-den-planeten\/\">der Artikel mit nachhaltigen Schulleckereien<\/a>.<\/p>\n\n\n\n<div class=\"wp-block-jetpack-tiled-gallery aligncenter is-style-rectangular\"><div class=\"\"><div class=\"tiled-gallery__gallery\"><div class=\"tiled-gallery__row\"><div class=\"tiled-gallery__col\" style=\"flex-basis:50.00000%\"><figure class=\"tiled-gallery__item\"><img decoding=\"async\" srcset=\"https:\/\/i0.wp.com\/afbeeldingen.thegreenlist.nl\/uploads\/2023\/04\/perzik-seizoensfruit-augustus.jpg?strip=info&#038;w=600&#038;ssl=1 600w,https:\/\/i0.wp.com\/afbeeldingen.thegreenlist.nl\/uploads\/2023\/04\/perzik-seizoensfruit-augustus.jpg?strip=info&#038;w=900&#038;ssl=1 900w\" alt=\"Pfirsiche geh\u00f6ren zu den Fr\u00fcchten der Saison im August.\" data-height=\"675\" data-id=\"31877\" data-link=\"https:\/\/www.thegreenlist.nl\/seizoensfruit-augustus-welke-groente-en-fruit-zijn-er-in-augustus-in-het-seizoen\/perzik-seizoensfruit-augustus\/\" data-url=\"https:\/\/afbeeldingen.thegreenlist.nl\/uploads\/2023\/04\/perzik-seizoensfruit-augustus.jpg\" data-width=\"900\" src=\"https:\/\/i0.wp.com\/afbeeldingen.thegreenlist.nl\/uploads\/2023\/04\/perzik-seizoensfruit-augustus.jpg?ssl=1\" data-amp-layout=\"responsive\" tabindex=\"0\" role=\"button\" aria-label=\"Bild 1 oder 2 im Vollbildmodus \u00f6ffnen\"\/><\/figure><\/div><div class=\"tiled-gallery__col\" style=\"flex-basis:50.00000%\"><figure class=\"tiled-gallery__item\"><img decoding=\"async\" srcset=\"https:\/\/i0.wp.com\/afbeeldingen.thegreenlist.nl\/uploads\/2023\/04\/peren-appels-seizoensfruit-augustus.jpg?strip=info&#038;w=600&#038;ssl=1 600w,https:\/\/i0.wp.com\/afbeeldingen.thegreenlist.nl\/uploads\/2023\/04\/peren-appels-seizoensfruit-augustus.jpg?strip=info&#038;w=900&#038;ssl=1 900w\" alt=\"\u00c4pfel und Birnen haben in den Niederlanden im August Saison.\" data-height=\"675\" data-id=\"31876\" data-link=\"https:\/\/www.thegreenlist.nl\/seizoensfruit-augustus-welke-groente-en-fruit-zijn-er-in-augustus-in-het-seizoen\/peren-appels-seizoensfruit-augustus\/\" data-url=\"https:\/\/afbeeldingen.thegreenlist.nl\/uploads\/2023\/04\/peren-appels-seizoensfruit-augustus.jpg\" data-width=\"900\" src=\"https:\/\/i0.wp.com\/afbeeldingen.thegreenlist.nl\/uploads\/2023\/04\/peren-appels-seizoensfruit-augustus.jpg?ssl=1\" data-amp-layout=\"responsive\" tabindex=\"0\" role=\"button\" aria-label=\"Bild 2 oder 2 im Vollbildmodus \u00f6ffnen\"\/><\/figure><\/div><\/div><\/div><\/div><\/div>\n\n\n\n<p class=\"has-small-font-size\"><em>Im August k\u00f6nnen Sie viele saisonale Fr\u00fcchte aus den Niederlanden genie\u00dfen. Nehmen Sie es mit, denn in den meisten Monaten des Jahres ist das Angebot einfach knapp.<\/em><\/p>\n\n\n\n<h2 class=\"wp-block-heading\">Wie bewahrt man das Obst der Saison im August am besten auf?<\/h2>\n\n\n\n<p>Da es in den Niederlanden nur wenige Monate gibt, in denen viele verschiedene Obstsorten der Saison erh\u00e4ltlich sind, m\u00f6chte man sie nat\u00fcrlich besonders genie\u00dfen. In den <a href=\"https:\/\/www.thegreenlist.nl\/de\/obst-der-saison-juni-welche-fruchte-und-gemuse-haben-im-juni-saison\/\">Artikel \u00fcber die Fr\u00fcchte der Saison im Juni,<\/a> Ich habe bereits Tipps zum Umgang mit \u00fcberreifem Obst und zur langfristigen Lagerung von Obst gegeben. Wenn Sie das Obst der Saison im August lieber frisch verzehren m\u00f6chten, sollten Sie darauf achten, wie und wo Sie das Obst lagern.<\/p>\n\n\n\n<h3 class=\"wp-block-heading\">Lagern Sie Obst (und Gem\u00fcse), das Ethylen ausscheidet, getrennt<\/h3>\n\n\n\n<p>Einige Obst- und Gem\u00fcsesorten geben das Gas Ethylen ab. Dieses Gas bewirkt, dass andere Fr\u00fcchte oder Gem\u00fcse, die in der N\u00e4he liegen, schneller reif werden. Daher ist es besser, die folgenden Fr\u00fcchte und Gem\u00fcse einzeln zu lagern: Aprikose, Apfel, Melone, Nektarine, Birne, Pfirsich, Pflaume und Tomate. (Avocado, Banane, Kiwi, Mango und Passionsfrucht sind keine Saisongem\u00fcse, scheiden aber viel Ethylen aus. Sollten Sie sie also im Haus haben: Lagern Sie auch sie separat).<\/p>\n\n\n\n<h3 class=\"wp-block-heading\">Obst an der richtigen Stelle lagern<\/h3>\n\n\n\n<p>Obst bleibt auch l\u00e4nger frisch, wenn Sie es an der richtigen Stelle lagern. Die meisten Fr\u00fcchte, die in einem kalten Land wie den Niederlanden angebaut werden, halten sich im K\u00fchlschrank l\u00e4nger. Das gilt f\u00fcr alle Fr\u00fcchte der Saison im August, au\u00dfer f\u00fcr Melonen. Diese werden besser au\u00dferhalb des K\u00fchlschranks gelagert. Falls Sie neugierig sind, wo Sie anderes Obst und Gem\u00fcse am besten lagern: <a href=\"https:\/\/www.thegreenlist.nl\/de\/welches-obst-und-gemuse-sie-im-kuhlschrank-aufbewahren-und-welches-nicht\/\">dann lesen Sie diesen Artikel<\/a>.<\/p>\n\n\n\n<h2 class=\"wp-block-heading\">Obst und Gem\u00fcse der Saison im August: nachhaltig, gesund und g\u00fcnstig<\/h2>\n\n\n\n<p>Wir hoffen, dass Sie nun leichter bewusste und gesunde Entscheidungen treffen k\u00f6nnen. Und mit etwas Gl\u00fcck werden Sie das auch in Ihrem Geldbeutel bemerken. Noch ein kleiner Tipp: Speichern Sie diese Liste als Lesezeichen auf Ihrem Handy. So haben Sie sie beim Einkaufen immer griffbereit und finden schnell das Obst oder Gem\u00fcse der Saison f\u00fcr den August.<\/p>\n\n\n\n<h4 class=\"wp-block-heading\">Weitere nachhaltige Tipps von thegreenlist.nl<\/h4>\n\n\n\n<ul class=\"wp-block-list\">\n<li>Ein frischer K\u00fchlschrank ist sch\u00f6n. <a href=\"https:\/\/www.thegreenlist.nl\/de\/umweltfreundliche-reinigung-ein-sauberer-und-frischer-kuhlschrank-in-nur-wenigen-schritten\/\">Sehen Sie sich hier den umweltfreundlichen Schritt-f\u00fcr-Schritt-Plan zur Reinigung Ihres K\u00fchlschranks an.<\/a><\/li>\n\n\n\n<li>Nachhaltiger Lebensmitteleinkauf?&nbsp;<a href=\"https:\/\/www.thegreenlist.nl\/de\/nachhaltiges-einkaufen-hier-mussen-sie-sein\/\">Das ist der richtige Ort!<\/a><\/li>\n\n\n\n<li>Oder sind Sie schon neugierig auf das Gem\u00fcse der Saison im September?&nbsp;<a href=\"https:\/\/www.thegreenlist.nl\/de\/saisongemuse-september-welches-obst-und-gemuse-hat-im-september-saison\/\">Sie finden es hier<\/a>. <br><br><\/li>\n<\/ul>\n\n\n\n<p class=\"has-small-font-size\"><em>Quellen: <\/em><em>Outdoor Living Feeling \u00fcber die Vorteile der saisonalen Ern\u00e4hrung<\/em><em>, <\/em><a href=\"https:\/\/www.ah.nl\/inspiratie\/duurzaamheid\/seizoensgroente-fruit\" target=\"_blank\" rel=\"noreferrer noopener\"><em>Albert Heijn \u00fcber die Vorteile von saisonalem Obst und Gem\u00fcse<\/em><\/a><em>, <\/em><a href=\"https:\/\/groentegroente.nl\/seizoensgroenten\/januari\/\" target=\"_blank\" rel=\"noreferrer noopener\"><em>Gem\u00fcseGroente.nl \u00fcber Gem\u00fcse der Saison nach L\u00e4ndern<\/em><\/a><em>, <\/em><a href=\"https:\/\/velt.nu\/seizoenskalender\/\" target=\"_blank\" rel=\"noreferrer noopener\"><em>Velt's Saisonkalender f\u00fcr die Liste der saisonalen Gem\u00fcse und Fr\u00fcchte der Saison<\/em><\/a>, <a href=\"https:\/\/www.voedingscentrum.nl\/encyclopedie\/fruit.aspx\" target=\"_blank\" rel=\"noreferrer noopener\"><em>Ern\u00e4hrungszentrum f\u00fcr Obstkonserven<\/em><\/a><em>.<\/em> <em>Bildnachweis: K\u00fchlschrank: Cottonbro Studio (Pexels), Hauptbild und andere Fotos: thegreenlist.nl. <\/em><\/p>","protected":false},"excerpt":{"rendered":"<p>Fruitliefhebbers opgelet! Augustus is echt luilekkerland als je van fruit houdt: deze maand is verreweg het meeste seizoensfruit beschikbaar van het hele jaar. Druiven, pruimen, vijgen en zelfs meloenen kunnen deze maand in de Nederlandse grond of in onverwarmde kassen groeien. Maar ook voor de groenteliefhebbers geldt \u2013 er is er deze maand meer dan [&hellip;]<\/p>\n","protected":false},"author":13,"featured_media":31878,"comment_status":"open","ping_status":"open","sticky":false,"template":"","format":"standard","meta":{"wprm-recipe-roundup-name":"","wprm-recipe-roundup-description":"","_jetpack_memberships_contains_paid_content":false,"footnotes":""},"categories":[874,6],"tags":[195,485,1270],"class_list":["post-28338","post","type-post","status-publish","format-standard","has-post-thumbnail","hentry","category-voeding-boodschappen","category-koken-recepten","tag-boodschappentips","tag-seizoensgroenten","tag-seizoensfruit"],"yoast_head":"<!-- This site is optimized with the Yoast SEO plugin v27.3 - https:\/\/yoast.com\/product\/yoast-seo-wordpress\/ -->\n<title>Seizoensfruit augustus: welke groente en fruit zijn er in augustus in het seizoen? - www.thegreenlist.nl<\/title>\n<meta name=\"description\" content=\"Fruitliefhebbers opgelet! Deze maand is verreweg het meeste fruit beschikbaar van het hele jaar! Bekijk hier het seizoensfruit van augustus.\" \/>\n<meta name=\"robots\" content=\"index, follow, max-snippet:-1, max-image-preview:large, max-video-preview:-1\" \/>\n<link rel=\"canonical\" href=\"https:\/\/www.thegreenlist.nl\/de\/saisonobst-august-welches-obst-und-gemuse-im-august-saison-hat\/\" \/>\n<meta property=\"og:locale\" content=\"de_DE\" \/>\n<meta property=\"og:type\" content=\"article\" \/>\n<meta property=\"og:title\" content=\"Seizoensfruit augustus: welke groente en fruit zijn er in augustus in het seizoen? - www.thegreenlist.nl\" \/>\n<meta property=\"og:description\" content=\"Fruitliefhebbers opgelet! Deze maand is verreweg het meeste fruit beschikbaar van het hele jaar! Bekijk hier het seizoensfruit van augustus.\" \/>\n<meta property=\"og:url\" content=\"https:\/\/www.thegreenlist.nl\/de\/saisonobst-august-welches-obst-und-gemuse-im-august-saison-hat\/\" \/>\n<meta property=\"og:site_name\" content=\"www.thegreenlist.nl\" \/>\n<meta property=\"article:published_time\" content=\"2023-08-01T17:00:00+00:00\" \/>\n<meta property=\"article:modified_time\" content=\"2025-11-26T15:17:21+00:00\" \/>\n<meta property=\"og:image\" content=\"https:\/\/afbeeldingen.thegreenlist.nl\/uploads\/2023\/04\/seizoensfruit-seizoensgroenten-augustus.jpg\" \/>\n\t<meta property=\"og:image:width\" content=\"1200\" \/>\n\t<meta property=\"og:image:height\" content=\"800\" \/>\n\t<meta property=\"og:image:type\" content=\"image\/jpeg\" \/>\n<meta name=\"author\" content=\"Kirsten Schoner\" \/>\n<meta name=\"twitter:card\" content=\"summary_large_image\" \/>\n<meta name=\"twitter:label1\" content=\"Verfasst von\" \/>\n\t<meta name=\"twitter:data1\" content=\"Kirsten Schoner\" \/>\n\t<meta name=\"twitter:label2\" content=\"Gesch\u00e4tzte Lesezeit\" \/>\n\t<meta name=\"twitter:data2\" content=\"7\u00a0Minuten\" \/>\n<script type=\"application\/ld+json\" class=\"yoast-schema-graph\">{\"@context\":\"https:\\\/\\\/schema.org\",\"@graph\":[{\"@type\":\"Article\",\"@id\":\"https:\\\/\\\/www.thegreenlist.nl\\\/seizoensfruit-augustus-welke-groente-en-fruit-zijn-er-in-augustus-in-het-seizoen\\\/#article\",\"isPartOf\":{\"@id\":\"https:\\\/\\\/www.thegreenlist.nl\\\/seizoensfruit-augustus-welke-groente-en-fruit-zijn-er-in-augustus-in-het-seizoen\\\/\"},\"author\":{\"name\":\"Kirsten Schoner\",\"@id\":\"https:\\\/\\\/www.thegreenlist.nl\\\/en\\\/#\\\/schema\\\/person\\\/96a760332cc255d319c81e93c69b2c2d\"},\"headline\":\"Seizoensfruit augustus: welke groente en fruit zijn er in augustus in het seizoen?\",\"datePublished\":\"2023-08-01T17:00:00+00:00\",\"dateModified\":\"2025-11-26T15:17:21+00:00\",\"mainEntityOfPage\":{\"@id\":\"https:\\\/\\\/www.thegreenlist.nl\\\/seizoensfruit-augustus-welke-groente-en-fruit-zijn-er-in-augustus-in-het-seizoen\\\/\"},\"wordCount\":1145,\"commentCount\":0,\"publisher\":{\"@id\":\"https:\\\/\\\/www.thegreenlist.nl\\\/en\\\/#organization\"},\"image\":{\"@id\":\"https:\\\/\\\/www.thegreenlist.nl\\\/seizoensfruit-augustus-welke-groente-en-fruit-zijn-er-in-augustus-in-het-seizoen\\\/#primaryimage\"},\"thumbnailUrl\":\"https:\\\/\\\/afbeeldingen.thegreenlist.nl\\\/uploads\\\/2023\\\/04\\\/seizoensfruit-seizoensgroenten-augustus.jpg\",\"keywords\":[\"boodschappentips\",\"seizoensgroenten\",\"seizoensfruit\"],\"articleSection\":[\"Voeding &amp; Boodschappen\",\"Koken &amp; Recepten\"],\"inLanguage\":\"de\",\"potentialAction\":[{\"@type\":\"CommentAction\",\"name\":\"Comment\",\"target\":[\"https:\\\/\\\/www.thegreenlist.nl\\\/seizoensfruit-augustus-welke-groente-en-fruit-zijn-er-in-augustus-in-het-seizoen\\\/#respond\"]}]},{\"@type\":\"WebPage\",\"@id\":\"https:\\\/\\\/www.thegreenlist.nl\\\/seizoensfruit-augustus-welke-groente-en-fruit-zijn-er-in-augustus-in-het-seizoen\\\/\",\"url\":\"https:\\\/\\\/www.thegreenlist.nl\\\/seizoensfruit-augustus-welke-groente-en-fruit-zijn-er-in-augustus-in-het-seizoen\\\/\",\"name\":\"Seizoensfruit augustus: welke groente en fruit zijn er in augustus in het seizoen? - www.thegreenlist.nl\",\"isPartOf\":{\"@id\":\"https:\\\/\\\/www.thegreenlist.nl\\\/en\\\/#website\"},\"primaryImageOfPage\":{\"@id\":\"https:\\\/\\\/www.thegreenlist.nl\\\/seizoensfruit-augustus-welke-groente-en-fruit-zijn-er-in-augustus-in-het-seizoen\\\/#primaryimage\"},\"image\":{\"@id\":\"https:\\\/\\\/www.thegreenlist.nl\\\/seizoensfruit-augustus-welke-groente-en-fruit-zijn-er-in-augustus-in-het-seizoen\\\/#primaryimage\"},\"thumbnailUrl\":\"https:\\\/\\\/afbeeldingen.thegreenlist.nl\\\/uploads\\\/2023\\\/04\\\/seizoensfruit-seizoensgroenten-augustus.jpg\",\"datePublished\":\"2023-08-01T17:00:00+00:00\",\"dateModified\":\"2025-11-26T15:17:21+00:00\",\"description\":\"Fruitliefhebbers opgelet! Deze maand is verreweg het meeste fruit beschikbaar van het hele jaar! Bekijk hier het seizoensfruit van augustus.\",\"breadcrumb\":{\"@id\":\"https:\\\/\\\/www.thegreenlist.nl\\\/seizoensfruit-augustus-welke-groente-en-fruit-zijn-er-in-augustus-in-het-seizoen\\\/#breadcrumb\"},\"inLanguage\":\"de\",\"potentialAction\":[{\"@type\":\"ReadAction\",\"target\":[\"https:\\\/\\\/www.thegreenlist.nl\\\/seizoensfruit-augustus-welke-groente-en-fruit-zijn-er-in-augustus-in-het-seizoen\\\/\"]}]},{\"@type\":\"ImageObject\",\"inLanguage\":\"de\",\"@id\":\"https:\\\/\\\/www.thegreenlist.nl\\\/seizoensfruit-augustus-welke-groente-en-fruit-zijn-er-in-augustus-in-het-seizoen\\\/#primaryimage\",\"url\":\"https:\\\/\\\/afbeeldingen.thegreenlist.nl\\\/uploads\\\/2023\\\/04\\\/seizoensfruit-seizoensgroenten-augustus.jpg\",\"contentUrl\":\"https:\\\/\\\/afbeeldingen.thegreenlist.nl\\\/uploads\\\/2023\\\/04\\\/seizoensfruit-seizoensgroenten-augustus.jpg\",\"width\":1200,\"height\":800,\"caption\":\"Seizoensfruit augustus: welk fruit en welke groenten zijn er in augustus in het seizoen?\"},{\"@type\":\"BreadcrumbList\",\"@id\":\"https:\\\/\\\/www.thegreenlist.nl\\\/seizoensfruit-augustus-welke-groente-en-fruit-zijn-er-in-augustus-in-het-seizoen\\\/#breadcrumb\",\"itemListElement\":[{\"@type\":\"ListItem\",\"position\":1,\"name\":\"Home\",\"item\":\"https:\\\/\\\/www.thegreenlist.nl\\\/\"},{\"@type\":\"ListItem\",\"position\":2,\"name\":\"Seizoensfruit augustus: welke groente en fruit zijn er in augustus in het seizoen?\"}]},{\"@type\":\"WebSite\",\"@id\":\"https:\\\/\\\/www.thegreenlist.nl\\\/en\\\/#website\",\"url\":\"https:\\\/\\\/www.thegreenlist.nl\\\/en\\\/\",\"name\":\"www.thegreenlist.nl\",\"description\":\"Alles voor een groenere lifestyle\",\"publisher\":{\"@id\":\"https:\\\/\\\/www.thegreenlist.nl\\\/en\\\/#organization\"},\"potentialAction\":[{\"@type\":\"SearchAction\",\"target\":{\"@type\":\"EntryPoint\",\"urlTemplate\":\"https:\\\/\\\/www.thegreenlist.nl\\\/en\\\/?s={search_term_string}\"},\"query-input\":{\"@type\":\"PropertyValueSpecification\",\"valueRequired\":true,\"valueName\":\"search_term_string\"}}],\"inLanguage\":\"de\"},{\"@type\":\"Organization\",\"@id\":\"https:\\\/\\\/www.thegreenlist.nl\\\/en\\\/#organization\",\"name\":\"www.thegreenlist.nl\",\"url\":\"https:\\\/\\\/www.thegreenlist.nl\\\/en\\\/\",\"logo\":{\"@type\":\"ImageObject\",\"inLanguage\":\"de\",\"@id\":\"https:\\\/\\\/www.thegreenlist.nl\\\/en\\\/#\\\/schema\\\/logo\\\/image\\\/\",\"url\":\"https:\\\/\\\/afbeeldingen.thegreenlist.nl\\\/uploads\\\/2022\\\/01\\\/Middel-1-100.jpg\",\"contentUrl\":\"https:\\\/\\\/afbeeldingen.thegreenlist.nl\\\/uploads\\\/2022\\\/01\\\/Middel-1-100.jpg\",\"width\":342,\"height\":342,\"caption\":\"www.thegreenlist.nl\"},\"image\":{\"@id\":\"https:\\\/\\\/www.thegreenlist.nl\\\/en\\\/#\\\/schema\\\/logo\\\/image\\\/\"}},{\"@type\":\"Person\",\"@id\":\"https:\\\/\\\/www.thegreenlist.nl\\\/en\\\/#\\\/schema\\\/person\\\/96a760332cc255d319c81e93c69b2c2d\",\"name\":\"Kirsten Schoner\",\"image\":{\"@type\":\"ImageObject\",\"inLanguage\":\"de\",\"@id\":\"https:\\\/\\\/afbeeldingen.thegreenlist.nl\\\/uploads\\\/2024\\\/11\\\/Kirsten-thegreenlistnl-100x100.jpg\",\"url\":\"https:\\\/\\\/afbeeldingen.thegreenlist.nl\\\/uploads\\\/2024\\\/11\\\/Kirsten-thegreenlistnl-100x100.jpg\",\"contentUrl\":\"https:\\\/\\\/afbeeldingen.thegreenlist.nl\\\/uploads\\\/2024\\\/11\\\/Kirsten-thegreenlistnl-100x100.jpg\",\"caption\":\"Kirsten Schoner\"},\"description\":\"Kirsten schrijft graag over duurzaam ouderschap. Als content manager is ze een stille kracht achter het online magazine. Dit doet ze vanuit Oostenrijk waar ze met haar man en twee dochters zo duurzaam mogelijk probeert te leven.\",\"url\":\"https:\\\/\\\/www.thegreenlist.nl\\\/de\\\/author\\\/kirsten\\\/\"}]}<\/script>\n<!-- \/ Yoast SEO plugin. -->","yoast_head_json":{"title":"Saisonales Obst August: Welches Obst und Gem\u00fcse hat im August Saison? - www.thegreenlist.nl","description":"Obstliebhaber aufgepasst - in diesem Monat gibt es mit Abstand das meiste Obst des ganzen Jahres! Hier finden Sie das Obst der Saison f\u00fcr den August.","robots":{"index":"index","follow":"follow","max-snippet":"max-snippet:-1","max-image-preview":"max-image-preview:large","max-video-preview":"max-video-preview:-1"},"canonical":"https:\/\/www.thegreenlist.nl\/de\/saisonobst-august-welches-obst-und-gemuse-im-august-saison-hat\/","og_locale":"de_DE","og_type":"article","og_title":"Seizoensfruit augustus: welke groente en fruit zijn er in augustus in het seizoen? - www.thegreenlist.nl","og_description":"Fruitliefhebbers opgelet! Deze maand is verreweg het meeste fruit beschikbaar van het hele jaar! Bekijk hier het seizoensfruit van augustus.","og_url":"https:\/\/www.thegreenlist.nl\/de\/saisonobst-august-welches-obst-und-gemuse-im-august-saison-hat\/","og_site_name":"www.thegreenlist.nl","article_published_time":"2023-08-01T17:00:00+00:00","article_modified_time":"2025-11-26T15:17:21+00:00","og_image":[{"width":1200,"height":800,"url":"https:\/\/afbeeldingen.thegreenlist.nl\/uploads\/2023\/04\/seizoensfruit-seizoensgroenten-augustus.jpg","type":"image\/jpeg"}],"author":"Kirsten Schoner","twitter_card":"summary_large_image","twitter_misc":{"Verfasst von":"Kirsten Schoner","Gesch\u00e4tzte Lesezeit":"7\u00a0Minuten"},"schema":{"@context":"https:\/\/schema.org","@graph":[{"@type":"Article","@id":"https:\/\/www.thegreenlist.nl\/seizoensfruit-augustus-welke-groente-en-fruit-zijn-er-in-augustus-in-het-seizoen\/#article","isPartOf":{"@id":"https:\/\/www.thegreenlist.nl\/seizoensfruit-augustus-welke-groente-en-fruit-zijn-er-in-augustus-in-het-seizoen\/"},"author":{"name":"Kirsten Schoner","@id":"https:\/\/www.thegreenlist.nl\/en\/#\/schema\/person\/96a760332cc255d319c81e93c69b2c2d"},"headline":"Seizoensfruit augustus: welke groente en fruit zijn er in augustus in het seizoen?","datePublished":"2023-08-01T17:00:00+00:00","dateModified":"2025-11-26T15:17:21+00:00","mainEntityOfPage":{"@id":"https:\/\/www.thegreenlist.nl\/seizoensfruit-augustus-welke-groente-en-fruit-zijn-er-in-augustus-in-het-seizoen\/"},"wordCount":1145,"commentCount":0,"publisher":{"@id":"https:\/\/www.thegreenlist.nl\/en\/#organization"},"image":{"@id":"https:\/\/www.thegreenlist.nl\/seizoensfruit-augustus-welke-groente-en-fruit-zijn-er-in-augustus-in-het-seizoen\/#primaryimage"},"thumbnailUrl":"https:\/\/afbeeldingen.thegreenlist.nl\/uploads\/2023\/04\/seizoensfruit-seizoensgroenten-augustus.jpg","keywords":["boodschappentips","seizoensgroenten","seizoensfruit"],"articleSection":["Voeding &amp; Boodschappen","Koken &amp; Recepten"],"inLanguage":"de","potentialAction":[{"@type":"CommentAction","name":"Comment","target":["https:\/\/www.thegreenlist.nl\/seizoensfruit-augustus-welke-groente-en-fruit-zijn-er-in-augustus-in-het-seizoen\/#respond"]}]},{"@type":"WebPage","@id":"https:\/\/www.thegreenlist.nl\/seizoensfruit-augustus-welke-groente-en-fruit-zijn-er-in-augustus-in-het-seizoen\/","url":"https:\/\/www.thegreenlist.nl\/seizoensfruit-augustus-welke-groente-en-fruit-zijn-er-in-augustus-in-het-seizoen\/","name":"Saisonales Obst August: Welches Obst und Gem\u00fcse hat im August Saison? - www.thegreenlist.nl","isPartOf":{"@id":"https:\/\/www.thegreenlist.nl\/en\/#website"},"primaryImageOfPage":{"@id":"https:\/\/www.thegreenlist.nl\/seizoensfruit-augustus-welke-groente-en-fruit-zijn-er-in-augustus-in-het-seizoen\/#primaryimage"},"image":{"@id":"https:\/\/www.thegreenlist.nl\/seizoensfruit-augustus-welke-groente-en-fruit-zijn-er-in-augustus-in-het-seizoen\/#primaryimage"},"thumbnailUrl":"https:\/\/afbeeldingen.thegreenlist.nl\/uploads\/2023\/04\/seizoensfruit-seizoensgroenten-augustus.jpg","datePublished":"2023-08-01T17:00:00+00:00","dateModified":"2025-11-26T15:17:21+00:00","description":"Obstliebhaber aufgepasst - in diesem Monat gibt es mit Abstand das meiste Obst des ganzen Jahres! Hier finden Sie das Obst der Saison f\u00fcr den August.","breadcrumb":{"@id":"https:\/\/www.thegreenlist.nl\/seizoensfruit-augustus-welke-groente-en-fruit-zijn-er-in-augustus-in-het-seizoen\/#breadcrumb"},"inLanguage":"de","potentialAction":[{"@type":"ReadAction","target":["https:\/\/www.thegreenlist.nl\/seizoensfruit-augustus-welke-groente-en-fruit-zijn-er-in-augustus-in-het-seizoen\/"]}]},{"@type":"ImageObject","inLanguage":"de","@id":"https:\/\/www.thegreenlist.nl\/seizoensfruit-augustus-welke-groente-en-fruit-zijn-er-in-augustus-in-het-seizoen\/#primaryimage","url":"https:\/\/afbeeldingen.thegreenlist.nl\/uploads\/2023\/04\/seizoensfruit-seizoensgroenten-augustus.jpg","contentUrl":"https:\/\/afbeeldingen.thegreenlist.nl\/uploads\/2023\/04\/seizoensfruit-seizoensgroenten-augustus.jpg","width":1200,"height":800,"caption":"Seizoensfruit augustus: welk fruit en welke groenten zijn er in augustus in het seizoen?"},{"@type":"BreadcrumbList","@id":"https:\/\/www.thegreenlist.nl\/seizoensfruit-augustus-welke-groente-en-fruit-zijn-er-in-augustus-in-het-seizoen\/#breadcrumb","itemListElement":[{"@type":"ListItem","position":1,"name":"Home","item":"https:\/\/www.thegreenlist.nl\/"},{"@type":"ListItem","position":2,"name":"Seizoensfruit augustus: welke groente en fruit zijn er in augustus in het seizoen?"}]},{"@type":"WebSite","@id":"https:\/\/www.thegreenlist.nl\/en\/#website","url":"https:\/\/www.thegreenlist.nl\/en\/","name":"www.thegreenlist.nl","description":"Alles f\u00fcr einen gr\u00fcneren Lebensstil","publisher":{"@id":"https:\/\/www.thegreenlist.nl\/en\/#organization"},"potentialAction":[{"@type":"SearchAction","target":{"@type":"EntryPoint","urlTemplate":"https:\/\/www.thegreenlist.nl\/en\/?s={search_term_string}"},"query-input":{"@type":"PropertyValueSpecification","valueRequired":true,"valueName":"search_term_string"}}],"inLanguage":"de"},{"@type":"Organization","@id":"https:\/\/www.thegreenlist.nl\/en\/#organization","name":"www.thegreenlist.nl","url":"https:\/\/www.thegreenlist.nl\/en\/","logo":{"@type":"ImageObject","inLanguage":"de","@id":"https:\/\/www.thegreenlist.nl\/en\/#\/schema\/logo\/image\/","url":"https:\/\/afbeeldingen.thegreenlist.nl\/uploads\/2022\/01\/Middel-1-100.jpg","contentUrl":"https:\/\/afbeeldingen.thegreenlist.nl\/uploads\/2022\/01\/Middel-1-100.jpg","width":342,"height":342,"caption":"www.thegreenlist.nl"},"image":{"@id":"https:\/\/www.thegreenlist.nl\/en\/#\/schema\/logo\/image\/"}},{"@type":"Person","@id":"https:\/\/www.thegreenlist.nl\/en\/#\/schema\/person\/96a760332cc255d319c81e93c69b2c2d","name":"Kirsten Schoner","image":{"@type":"ImageObject","inLanguage":"de","@id":"https:\/\/afbeeldingen.thegreenlist.nl\/uploads\/2024\/11\/Kirsten-thegreenlistnl-100x100.jpg","url":"https:\/\/afbeeldingen.thegreenlist.nl\/uploads\/2024\/11\/Kirsten-thegreenlistnl-100x100.jpg","contentUrl":"https:\/\/afbeeldingen.thegreenlist.nl\/uploads\/2024\/11\/Kirsten-thegreenlistnl-100x100.jpg","caption":"Kirsten Schoner"},"description":"Kirsten schreibt gerne \u00fcber nachhaltige Kindererziehung. Als Content Managerin ist sie die stille Kraft hinter dem Online-Magazin. Sie tut dies von \u00d6sterreich aus, wo sie mit ihrem Mann und ihren beiden T\u00f6chtern versucht, so nachhaltig wie m\u00f6glich zu leben.","url":"https:\/\/www.thegreenlist.nl\/de\/author\/kirsten\/"}]}},"jetpack_featured_media_url":"https:\/\/afbeeldingen.thegreenlist.nl\/uploads\/2023\/04\/seizoensfruit-seizoensgroenten-augustus.jpg","jetpack_sharing_enabled":true,"_links":{"self":[{"href":"https:\/\/www.thegreenlist.nl\/de\/wp-json\/wp\/v2\/posts\/28338","targetHints":{"allow":["GET"]}}],"collection":[{"href":"https:\/\/www.thegreenlist.nl\/de\/wp-json\/wp\/v2\/posts"}],"about":[{"href":"https:\/\/www.thegreenlist.nl\/de\/wp-json\/wp\/v2\/types\/post"}],"author":[{"embeddable":true,"href":"https:\/\/www.thegreenlist.nl\/de\/wp-json\/wp\/v2\/users\/13"}],"replies":[{"embeddable":true,"href":"https:\/\/www.thegreenlist.nl\/de\/wp-json\/wp\/v2\/comments?post=28338"}],"version-history":[{"count":1,"href":"https:\/\/www.thegreenlist.nl\/de\/wp-json\/wp\/v2\/posts\/28338\/revisions"}],"predecessor-version":[{"id":63088,"href":"https:\/\/www.thegreenlist.nl\/de\/wp-json\/wp\/v2\/posts\/28338\/revisions\/63088"}],"wp:featuredmedia":[{"embeddable":true,"href":"https:\/\/www.thegreenlist.nl\/de\/wp-json\/wp\/v2\/media\/31878"}],"wp:attachment":[{"href":"https:\/\/www.thegreenlist.nl\/de\/wp-json\/wp\/v2\/media?parent=28338"}],"wp:term":[{"taxonomy":"category","embeddable":true,"href":"https:\/\/www.thegreenlist.nl\/de\/wp-json\/wp\/v2\/categories?post=28338"},{"taxonomy":"post_tag","embeddable":true,"href":"https:\/\/www.thegreenlist.nl\/de\/wp-json\/wp\/v2\/tags?post=28338"}],"curies":[{"name":"wp","href":"https:\/\/api.w.org\/{rel}","templated":true}]}}