{"id":63479,"date":"2025-12-17T06:00:00","date_gmt":"2025-12-17T05:00:00","guid":{"rendered":"https:\/\/www.thegreenlist.nl\/?p=63479"},"modified":"2025-12-09T16:49:42","modified_gmt":"2025-12-09T15:49:42","slug":"stress-mit-glasbehaltern-in-den-ferien","status":"publish","type":"post","link":"https:\/\/www.thegreenlist.nl\/de\/glasbakstress-tijdens-de-feestdagen\/","title":{"rendered":"Stress mit Glasbeh\u00e4ltern in den Ferien?"},"content":{"rendered":"<div id=\"bsf_rt_marker\"><\/div>\n<p><strong>Der Dezember ist der Monat der Gem\u00fctlichkeit, des aufwendigen Kochens, der langen Abendessen, der Trinkspr\u00fcche mit Sekt. Das bedeutet aber auch, dass man \u00f6fter zum Glascontainer gehen muss. Denn all die leeren Flaschen, Nudelsaucengl\u00e4ser und Gurkengl\u00e4ser m\u00fcssen nat\u00fcrlich irgendwo hin. Doch gerade in der Weihnachtszeit plagen viele Menschen Zweifel am Glascontainer. Denn was darf in den Glascontainer und was nicht? Unsere Umfrage zeigt, dass hier noch viel Verwirrung herrscht. Zeit, hier Klarheit zu schaffen.<\/strong><\/p>\n\n\n\n<!--more-->\n\n\n\n<h2 class=\"wp-block-heading\">Missverst\u00e4ndnisse \u00fcber den Glascontainer<\/h2>\n\n\n\n<p>Auch bei den Glasrecyclern merkt man es: Im Dezember landen deutlich mehr Scherben in der Tonne. Logisch, denn wir kochen mehr, trinken mehr und feiern mehr. Ein gutes Zeichen? Auf jeden Fall, denn dann kann mehr recycelt werden. Aber genau das ist auch der Punkt, an dem es oft schief l\u00e4uft. Eine Instagram-Umfrage unter unseren Followern* zeigt, dass 66% der Meinung sind, dass ein zerbrochenes Weinglas einfach in den Glascontainer geh\u00f6rt, und 62% denken dasselbe \u00fcber eine zerbrochene Auflaufform. Das ist aber nicht richtig. Warum nicht? Weil es sich nicht um Verpackungsglas handelt. Trinkgl\u00e4ser und Auflaufformen sind aus einer anderen Art von Glas hergestellt, das bei viel h\u00f6heren Temperaturen schmilzt. Wenn das versehentlich unter den richtigen Scherben landet, st\u00f6ren Sie den Recyclingprozess. Es ist schwer zu erkennen, sieht dem normalen Glas zum Verwechseln \u00e4hnlich und verhindert au\u00dferdem, dass gutes Glas recycelt wird. Was f\u00fcr eine Verschwendung!<\/p>\n\n\n\n<h3 class=\"wp-block-heading\">Im Altglascontainer ist nur Verpackungsglas erlaubt<\/h3>\n\n\n\n<p>Lassen Sie uns die Regeln klarstellen, denn eigentlich ist es ganz einfach. Im Glascontainer k\u00f6nnen nur <strong>Verpackungsglas<\/strong>. Es handelt sich um Gl\u00e4ser und Flaschen, in denen Lebensmittel oder Getr\u00e4nke aufbewahrt wurden, z. B. Weinflaschen, Nudelsaucengl\u00e4ser, Einmachgl\u00e4ser und Oliven\u00f6lflaschen. Haben Sie sich schon immer gefragt, warum die \u00d6ffnung des Flaschenhalters eine so perfekte runde Form hat? Dann haben Sie jetzt die Antwort: nur Verpackungsglas! Und nein, Sie brauchen diese Glasbeh\u00e4lter nicht zu reinigen. Etiketten, Verschl\u00fcsse, Deckel, Korken und sogar Essensreste? Kein Problem! Die werden beim Sortieren einfach herausgenommen. Was ist <strong>NICHT<\/strong> im Mai: Trinkgl\u00e4ser, Ofengeschirr, Kugeln, Teetassen, Spiegel und glas\u00e4hnliche Materialien, wie Keramik oder Porzellan. Diese geh\u00f6ren in den Restm\u00fcll. Oder - wenn sie noch in einem St\u00fcck sind - bringen Sie sie in die Altkleidersammlung. Sie sind unsicher? Schauen Sie auf der Website <a href=\"https:\/\/www.afvalscheidingswijzer.nl\/\" target=\"_blank\" rel=\"noreferrer noopener\">Leitfaden zur Abfalltrennung.nl<\/a>.<\/p>\n\n\n\n<p>Dies ist wichtig, weil Glas endlos recycelt werden kann, ohne dass es sich verschlechtert. Dies ist jedoch nur m\u00f6glich, wenn die Scherben alle aus demselben Beh\u00e4lterglas stammen. <a href=\"https:\/\/www.thegreenlist.nl\/de\/glasrecycling-wie-funktioniert-es\/\">Um zu wissen, wie das geht, haben wir den Recyclingweg unseres Verpackungsglases verfolgt!<\/a> Je besser wir unser Glas zu Hause trennen, desto reibungsloser und energieeffizienter ist der Prozess. Und das spart eine Menge Rohstoffe und CO2-Emissionen. Kleiner Aufwand, gro\u00dfer Unterschied!<\/p>\n\n\n\n<h4 class=\"wp-block-heading\">Weitere Urlaubstipps<\/h4>\n\n\n\n<ul class=\"wp-block-list\">\n<li>Siehe auch: <a href=\"https:\/\/www.thegreenlist.nl\/de\/so-verschenken-sie-gebrauchte-geschenke-zu-den-feiertagen\/\">Geschenke aus zweiter Hand - so geht's (Verpackungstipps).<\/a><\/li>\n\n\n\n<li>Siehe auch: <a href=\"https:\/\/www.thegreenlist.nl\/de\/weihnachten-diy-zero-waste-nachhaltiger-weihnachtstisch\/\">coole Ideen f\u00fcr einen abfallfreien Weihnachtstisch.<\/a><\/li>\n\n\n\n<li>Siehe auch: <a href=\"https:\/\/www.thegreenlist.nl\/de\/diy-herstellung-von-kugeln-mit-schnur\/\">Alte Kugeln mit einem Seil aufpeppen.<\/a><br><br><\/li>\n<\/ul>\n\n\n\n<p class=\"has-small-font-size\"><em>*Rund 3.600 Befragte gaben ihre Stimme \u00fcber Instagram-Story-Umfragen ab. Bildnachweis: Alesiakozik (Auflauf) &amp; Cottonbro (Champagner), Pexels.<\/em><\/p>\n\n\n\n<p><\/p>","protected":false},"excerpt":{"rendered":"<p>December is de maand van gezelligheid, uitgebreid koken, lang tafelen, toasten met bubbels. Maar dat betekent ook: vaker naar de glasbak lopen. Want al die lege flessen, pastasauspotjes en augurkenpotjes moeten natuurlijk ergens naartoe. Maar juist in deze feestelijke periode slaat bij veel mensen de glasbaktwijfel toe. Want wat mag er nou eigenlijk w\u00e9l en [&hellip;]<\/p>\n","protected":false},"author":2,"featured_media":63481,"comment_status":"closed","ping_status":"open","sticky":false,"template":"","format":"standard","meta":{"wprm-recipe-roundup-name":"","wprm-recipe-roundup-description":"","_jetpack_memberships_contains_paid_content":false,"footnotes":""},"categories":[7],"tags":[22,349,524,1023],"class_list":["post-63479","post","type-post","status-publish","format-standard","has-post-thumbnail","hentry","category-huishouden","tag-feestdagen","tag-huishoudtips","tag-keukentips","tag-recycling"],"yoast_head":"<!-- This site is optimized with the Yoast SEO plugin v27.3 - https:\/\/yoast.com\/product\/yoast-seo-wordpress\/ -->\n<title>Glasbakstress tijdens de feestdagen? - www.thegreenlist.nl<\/title>\n<meta name=\"description\" content=\"December is de maand van gezelligheid, uitgebreid koken, lang tafelen, toasten met bubbels. Maar juist dan slaat bij veel mensen de glasbaktwijfel toe.\" \/>\n<meta name=\"robots\" content=\"index, follow, max-snippet:-1, max-image-preview:large, max-video-preview:-1\" \/>\n<link rel=\"canonical\" href=\"https:\/\/www.thegreenlist.nl\/de\/stress-mit-glasbehaltern-in-den-ferien\/\" \/>\n<meta property=\"og:locale\" content=\"de_DE\" \/>\n<meta property=\"og:type\" content=\"article\" \/>\n<meta property=\"og:title\" content=\"Glasbakstress tijdens de feestdagen? - www.thegreenlist.nl\" \/>\n<meta property=\"og:description\" content=\"December is de maand van gezelligheid, uitgebreid koken, lang tafelen, toasten met bubbels. Maar juist dan slaat bij veel mensen de glasbaktwijfel toe.\" \/>\n<meta property=\"og:url\" content=\"https:\/\/www.thegreenlist.nl\/de\/stress-mit-glasbehaltern-in-den-ferien\/\" \/>\n<meta property=\"og:site_name\" content=\"www.thegreenlist.nl\" \/>\n<meta property=\"article:published_time\" content=\"2025-12-17T05:00:00+00:00\" \/>\n<meta property=\"og:image\" content=\"https:\/\/afbeeldingen.thegreenlist.nl\/uploads\/2025\/12\/glasbakregels-feestdagen.jpg\" \/>\n\t<meta property=\"og:image:width\" content=\"1200\" \/>\n\t<meta property=\"og:image:height\" content=\"900\" \/>\n\t<meta property=\"og:image:type\" content=\"image\/jpeg\" \/>\n<meta name=\"author\" content=\"Saskia Sampimon-Versneij\" \/>\n<meta name=\"twitter:card\" content=\"summary_large_image\" \/>\n<meta name=\"twitter:label1\" content=\"Verfasst von\" \/>\n\t<meta name=\"twitter:data1\" content=\"Saskia Sampimon-Versneij\" \/>\n\t<meta name=\"twitter:label2\" content=\"Gesch\u00e4tzte Lesezeit\" \/>\n\t<meta name=\"twitter:data2\" content=\"3\u00a0Minuten\" \/>\n<script type=\"application\/ld+json\" class=\"yoast-schema-graph\">{\"@context\":\"https:\\\/\\\/schema.org\",\"@graph\":[{\"@type\":\"Article\",\"@id\":\"https:\\\/\\\/www.thegreenlist.nl\\\/glasbakstress-tijdens-de-feestdagen\\\/#article\",\"isPartOf\":{\"@id\":\"https:\\\/\\\/www.thegreenlist.nl\\\/glasbakstress-tijdens-de-feestdagen\\\/\"},\"author\":{\"name\":\"Saskia Sampimon-Versneij\",\"@id\":\"https:\\\/\\\/www.thegreenlist.nl\\\/en\\\/#\\\/schema\\\/person\\\/6283c905b9c579d25220e887f65407d8\"},\"headline\":\"Glasbakstress tijdens de feestdagen?\",\"datePublished\":\"2025-12-17T05:00:00+00:00\",\"mainEntityOfPage\":{\"@id\":\"https:\\\/\\\/www.thegreenlist.nl\\\/glasbakstress-tijdens-de-feestdagen\\\/\"},\"wordCount\":485,\"publisher\":{\"@id\":\"https:\\\/\\\/www.thegreenlist.nl\\\/en\\\/#organization\"},\"image\":{\"@id\":\"https:\\\/\\\/www.thegreenlist.nl\\\/glasbakstress-tijdens-de-feestdagen\\\/#primaryimage\"},\"thumbnailUrl\":\"https:\\\/\\\/afbeeldingen.thegreenlist.nl\\\/uploads\\\/2025\\\/12\\\/glasbakregels-feestdagen.jpg\",\"keywords\":[\"feestdagen\",\"huishoudtips\",\"keukentips\",\"recycling\"],\"articleSection\":[\"Huishouden\"],\"inLanguage\":\"de\"},{\"@type\":\"WebPage\",\"@id\":\"https:\\\/\\\/www.thegreenlist.nl\\\/glasbakstress-tijdens-de-feestdagen\\\/\",\"url\":\"https:\\\/\\\/www.thegreenlist.nl\\\/glasbakstress-tijdens-de-feestdagen\\\/\",\"name\":\"Glasbakstress tijdens de feestdagen? - www.thegreenlist.nl\",\"isPartOf\":{\"@id\":\"https:\\\/\\\/www.thegreenlist.nl\\\/en\\\/#website\"},\"primaryImageOfPage\":{\"@id\":\"https:\\\/\\\/www.thegreenlist.nl\\\/glasbakstress-tijdens-de-feestdagen\\\/#primaryimage\"},\"image\":{\"@id\":\"https:\\\/\\\/www.thegreenlist.nl\\\/glasbakstress-tijdens-de-feestdagen\\\/#primaryimage\"},\"thumbnailUrl\":\"https:\\\/\\\/afbeeldingen.thegreenlist.nl\\\/uploads\\\/2025\\\/12\\\/glasbakregels-feestdagen.jpg\",\"datePublished\":\"2025-12-17T05:00:00+00:00\",\"description\":\"December is de maand van gezelligheid, uitgebreid koken, lang tafelen, toasten met bubbels. Maar juist dan slaat bij veel mensen de glasbaktwijfel toe.\",\"breadcrumb\":{\"@id\":\"https:\\\/\\\/www.thegreenlist.nl\\\/glasbakstress-tijdens-de-feestdagen\\\/#breadcrumb\"},\"inLanguage\":\"de\",\"potentialAction\":[{\"@type\":\"ReadAction\",\"target\":[\"https:\\\/\\\/www.thegreenlist.nl\\\/glasbakstress-tijdens-de-feestdagen\\\/\"]}]},{\"@type\":\"ImageObject\",\"inLanguage\":\"de\",\"@id\":\"https:\\\/\\\/www.thegreenlist.nl\\\/glasbakstress-tijdens-de-feestdagen\\\/#primaryimage\",\"url\":\"https:\\\/\\\/afbeeldingen.thegreenlist.nl\\\/uploads\\\/2025\\\/12\\\/glasbakregels-feestdagen.jpg\",\"contentUrl\":\"https:\\\/\\\/afbeeldingen.thegreenlist.nl\\\/uploads\\\/2025\\\/12\\\/glasbakregels-feestdagen.jpg\",\"width\":1200,\"height\":900,\"caption\":\"Glasbakregels feestdagen.\"},{\"@type\":\"BreadcrumbList\",\"@id\":\"https:\\\/\\\/www.thegreenlist.nl\\\/glasbakstress-tijdens-de-feestdagen\\\/#breadcrumb\",\"itemListElement\":[{\"@type\":\"ListItem\",\"position\":1,\"name\":\"Home\",\"item\":\"https:\\\/\\\/www.thegreenlist.nl\\\/\"},{\"@type\":\"ListItem\",\"position\":2,\"name\":\"Glasbakstress tijdens de feestdagen?\"}]},{\"@type\":\"WebSite\",\"@id\":\"https:\\\/\\\/www.thegreenlist.nl\\\/en\\\/#website\",\"url\":\"https:\\\/\\\/www.thegreenlist.nl\\\/en\\\/\",\"name\":\"www.thegreenlist.nl\",\"description\":\"Alles voor een groenere lifestyle\",\"publisher\":{\"@id\":\"https:\\\/\\\/www.thegreenlist.nl\\\/en\\\/#organization\"},\"potentialAction\":[{\"@type\":\"SearchAction\",\"target\":{\"@type\":\"EntryPoint\",\"urlTemplate\":\"https:\\\/\\\/www.thegreenlist.nl\\\/en\\\/?s={search_term_string}\"},\"query-input\":{\"@type\":\"PropertyValueSpecification\",\"valueRequired\":true,\"valueName\":\"search_term_string\"}}],\"inLanguage\":\"de\"},{\"@type\":\"Organization\",\"@id\":\"https:\\\/\\\/www.thegreenlist.nl\\\/en\\\/#organization\",\"name\":\"www.thegreenlist.nl\",\"url\":\"https:\\\/\\\/www.thegreenlist.nl\\\/en\\\/\",\"logo\":{\"@type\":\"ImageObject\",\"inLanguage\":\"de\",\"@id\":\"https:\\\/\\\/www.thegreenlist.nl\\\/en\\\/#\\\/schema\\\/logo\\\/image\\\/\",\"url\":\"https:\\\/\\\/afbeeldingen.thegreenlist.nl\\\/uploads\\\/2022\\\/01\\\/Middel-1-100.jpg\",\"contentUrl\":\"https:\\\/\\\/afbeeldingen.thegreenlist.nl\\\/uploads\\\/2022\\\/01\\\/Middel-1-100.jpg\",\"width\":342,\"height\":342,\"caption\":\"www.thegreenlist.nl\"},\"image\":{\"@id\":\"https:\\\/\\\/www.thegreenlist.nl\\\/en\\\/#\\\/schema\\\/logo\\\/image\\\/\"}},{\"@type\":\"Person\",\"@id\":\"https:\\\/\\\/www.thegreenlist.nl\\\/en\\\/#\\\/schema\\\/person\\\/6283c905b9c579d25220e887f65407d8\",\"name\":\"Saskia Sampimon-Versneij\",\"image\":{\"@type\":\"ImageObject\",\"inLanguage\":\"de\",\"@id\":\"https:\\\/\\\/afbeeldingen.thegreenlist.nl\\\/uploads\\\/2024\\\/11\\\/saskia-thegreenlistnl-100x100.jpg\",\"url\":\"https:\\\/\\\/afbeeldingen.thegreenlist.nl\\\/uploads\\\/2024\\\/11\\\/saskia-thegreenlistnl-100x100.jpg\",\"contentUrl\":\"https:\\\/\\\/afbeeldingen.thegreenlist.nl\\\/uploads\\\/2024\\\/11\\\/saskia-thegreenlistnl-100x100.jpg\",\"caption\":\"Saskia Sampimon-Versneij\"},\"description\":\"Oprichter van thegreenlist.nl. Haar doel: zoveel mogelijk mensen enthousiast maken voor een duurzamer leven. Sas schreef ook h\u00e9t duurzame lifestyle boek NIKS NIEUWS.\",\"url\":\"https:\\\/\\\/www.thegreenlist.nl\\\/de\\\/author\\\/saskia\\\/\"}]}<\/script>\n<!-- \/ Yoast SEO plugin. -->","yoast_head_json":{"title":"Stress mit Glasbeh\u00e4ltern w\u00e4hrend der Feiertage? - www.thegreenlist.nl","description":"Der Dezember ist der Monat der Gem\u00fctlichkeit, des aufwendigen Kochens, der langen Abendessen, der Trinkspr\u00fcche mit Sekt. Doch gerade dann \u00fcberkommt viele Menschen der Zweifel am Glaseimer.","robots":{"index":"index","follow":"follow","max-snippet":"max-snippet:-1","max-image-preview":"max-image-preview:large","max-video-preview":"max-video-preview:-1"},"canonical":"https:\/\/www.thegreenlist.nl\/de\/stress-mit-glasbehaltern-in-den-ferien\/","og_locale":"de_DE","og_type":"article","og_title":"Glasbakstress tijdens de feestdagen? - www.thegreenlist.nl","og_description":"December is de maand van gezelligheid, uitgebreid koken, lang tafelen, toasten met bubbels. Maar juist dan slaat bij veel mensen de glasbaktwijfel toe.","og_url":"https:\/\/www.thegreenlist.nl\/de\/stress-mit-glasbehaltern-in-den-ferien\/","og_site_name":"www.thegreenlist.nl","article_published_time":"2025-12-17T05:00:00+00:00","og_image":[{"width":1200,"height":900,"url":"https:\/\/afbeeldingen.thegreenlist.nl\/uploads\/2025\/12\/glasbakregels-feestdagen.jpg","type":"image\/jpeg"}],"author":"Saskia Sampimon-Versneij","twitter_card":"summary_large_image","twitter_misc":{"Verfasst von":"Saskia Sampimon-Versneij","Gesch\u00e4tzte Lesezeit":"3\u00a0Minuten"},"schema":{"@context":"https:\/\/schema.org","@graph":[{"@type":"Article","@id":"https:\/\/www.thegreenlist.nl\/glasbakstress-tijdens-de-feestdagen\/#article","isPartOf":{"@id":"https:\/\/www.thegreenlist.nl\/glasbakstress-tijdens-de-feestdagen\/"},"author":{"name":"Saskia Sampimon-Versneij","@id":"https:\/\/www.thegreenlist.nl\/en\/#\/schema\/person\/6283c905b9c579d25220e887f65407d8"},"headline":"Glasbakstress tijdens de feestdagen?","datePublished":"2025-12-17T05:00:00+00:00","mainEntityOfPage":{"@id":"https:\/\/www.thegreenlist.nl\/glasbakstress-tijdens-de-feestdagen\/"},"wordCount":485,"publisher":{"@id":"https:\/\/www.thegreenlist.nl\/en\/#organization"},"image":{"@id":"https:\/\/www.thegreenlist.nl\/glasbakstress-tijdens-de-feestdagen\/#primaryimage"},"thumbnailUrl":"https:\/\/afbeeldingen.thegreenlist.nl\/uploads\/2025\/12\/glasbakregels-feestdagen.jpg","keywords":["feestdagen","huishoudtips","keukentips","recycling"],"articleSection":["Huishouden"],"inLanguage":"de"},{"@type":"WebPage","@id":"https:\/\/www.thegreenlist.nl\/glasbakstress-tijdens-de-feestdagen\/","url":"https:\/\/www.thegreenlist.nl\/glasbakstress-tijdens-de-feestdagen\/","name":"Stress mit Glasbeh\u00e4ltern w\u00e4hrend der Feiertage? - www.thegreenlist.nl","isPartOf":{"@id":"https:\/\/www.thegreenlist.nl\/en\/#website"},"primaryImageOfPage":{"@id":"https:\/\/www.thegreenlist.nl\/glasbakstress-tijdens-de-feestdagen\/#primaryimage"},"image":{"@id":"https:\/\/www.thegreenlist.nl\/glasbakstress-tijdens-de-feestdagen\/#primaryimage"},"thumbnailUrl":"https:\/\/afbeeldingen.thegreenlist.nl\/uploads\/2025\/12\/glasbakregels-feestdagen.jpg","datePublished":"2025-12-17T05:00:00+00:00","description":"Der Dezember ist der Monat der Gem\u00fctlichkeit, des aufwendigen Kochens, der langen Abendessen, der Trinkspr\u00fcche mit Sekt. Doch gerade dann \u00fcberkommt viele Menschen der Zweifel am Glaseimer.","breadcrumb":{"@id":"https:\/\/www.thegreenlist.nl\/glasbakstress-tijdens-de-feestdagen\/#breadcrumb"},"inLanguage":"de","potentialAction":[{"@type":"ReadAction","target":["https:\/\/www.thegreenlist.nl\/glasbakstress-tijdens-de-feestdagen\/"]}]},{"@type":"ImageObject","inLanguage":"de","@id":"https:\/\/www.thegreenlist.nl\/glasbakstress-tijdens-de-feestdagen\/#primaryimage","url":"https:\/\/afbeeldingen.thegreenlist.nl\/uploads\/2025\/12\/glasbakregels-feestdagen.jpg","contentUrl":"https:\/\/afbeeldingen.thegreenlist.nl\/uploads\/2025\/12\/glasbakregels-feestdagen.jpg","width":1200,"height":900,"caption":"Glasbakregels feestdagen."},{"@type":"BreadcrumbList","@id":"https:\/\/www.thegreenlist.nl\/glasbakstress-tijdens-de-feestdagen\/#breadcrumb","itemListElement":[{"@type":"ListItem","position":1,"name":"Home","item":"https:\/\/www.thegreenlist.nl\/"},{"@type":"ListItem","position":2,"name":"Glasbakstress tijdens de feestdagen?"}]},{"@type":"WebSite","@id":"https:\/\/www.thegreenlist.nl\/en\/#website","url":"https:\/\/www.thegreenlist.nl\/en\/","name":"www.thegreenlist.nl","description":"Alles f\u00fcr einen gr\u00fcneren Lebensstil","publisher":{"@id":"https:\/\/www.thegreenlist.nl\/en\/#organization"},"potentialAction":[{"@type":"SearchAction","target":{"@type":"EntryPoint","urlTemplate":"https:\/\/www.thegreenlist.nl\/en\/?s={search_term_string}"},"query-input":{"@type":"PropertyValueSpecification","valueRequired":true,"valueName":"search_term_string"}}],"inLanguage":"de"},{"@type":"Organization","@id":"https:\/\/www.thegreenlist.nl\/en\/#organization","name":"www.thegreenlist.nl","url":"https:\/\/www.thegreenlist.nl\/en\/","logo":{"@type":"ImageObject","inLanguage":"de","@id":"https:\/\/www.thegreenlist.nl\/en\/#\/schema\/logo\/image\/","url":"https:\/\/afbeeldingen.thegreenlist.nl\/uploads\/2022\/01\/Middel-1-100.jpg","contentUrl":"https:\/\/afbeeldingen.thegreenlist.nl\/uploads\/2022\/01\/Middel-1-100.jpg","width":342,"height":342,"caption":"www.thegreenlist.nl"},"image":{"@id":"https:\/\/www.thegreenlist.nl\/en\/#\/schema\/logo\/image\/"}},{"@type":"Person","@id":"https:\/\/www.thegreenlist.nl\/en\/#\/schema\/person\/6283c905b9c579d25220e887f65407d8","name":"Saskia Sampimon-Versneij","image":{"@type":"ImageObject","inLanguage":"de","@id":"https:\/\/afbeeldingen.thegreenlist.nl\/uploads\/2024\/11\/saskia-thegreenlistnl-100x100.jpg","url":"https:\/\/afbeeldingen.thegreenlist.nl\/uploads\/2024\/11\/saskia-thegreenlistnl-100x100.jpg","contentUrl":"https:\/\/afbeeldingen.thegreenlist.nl\/uploads\/2024\/11\/saskia-thegreenlistnl-100x100.jpg","caption":"Saskia Sampimon-Versneij"},"description":"Gr\u00fcnderin von thegreenlist.nl. Ihr Ziel: so viele Menschen wie m\u00f6glich f\u00fcr ein nachhaltigeres Leben zu begeistern. Sas hat auch das Buch \u00fcber einen nachhaltigen Lebensstil NIKS NIEUWS geschrieben.","url":"https:\/\/www.thegreenlist.nl\/de\/author\/saskia\/"}]}},"jetpack_featured_media_url":"https:\/\/afbeeldingen.thegreenlist.nl\/uploads\/2025\/12\/glasbakregels-feestdagen.jpg","jetpack_sharing_enabled":true,"_links":{"self":[{"href":"https:\/\/www.thegreenlist.nl\/de\/wp-json\/wp\/v2\/posts\/63479","targetHints":{"allow":["GET"]}}],"collection":[{"href":"https:\/\/www.thegreenlist.nl\/de\/wp-json\/wp\/v2\/posts"}],"about":[{"href":"https:\/\/www.thegreenlist.nl\/de\/wp-json\/wp\/v2\/types\/post"}],"author":[{"embeddable":true,"href":"https:\/\/www.thegreenlist.nl\/de\/wp-json\/wp\/v2\/users\/2"}],"replies":[{"embeddable":true,"href":"https:\/\/www.thegreenlist.nl\/de\/wp-json\/wp\/v2\/comments?post=63479"}],"version-history":[{"count":7,"href":"https:\/\/www.thegreenlist.nl\/de\/wp-json\/wp\/v2\/posts\/63479\/revisions"}],"predecessor-version":[{"id":63962,"href":"https:\/\/www.thegreenlist.nl\/de\/wp-json\/wp\/v2\/posts\/63479\/revisions\/63962"}],"wp:featuredmedia":[{"embeddable":true,"href":"https:\/\/www.thegreenlist.nl\/de\/wp-json\/wp\/v2\/media\/63481"}],"wp:attachment":[{"href":"https:\/\/www.thegreenlist.nl\/de\/wp-json\/wp\/v2\/media?parent=63479"}],"wp:term":[{"taxonomy":"category","embeddable":true,"href":"https:\/\/www.thegreenlist.nl\/de\/wp-json\/wp\/v2\/categories?post=63479"},{"taxonomy":"post_tag","embeddable":true,"href":"https:\/\/www.thegreenlist.nl\/de\/wp-json\/wp\/v2\/tags?post=63479"}],"curies":[{"name":"wp","href":"https:\/\/api.w.org\/{rel}","templated":true}]}}