{"id":64040,"date":"2026-01-20T06:00:00","date_gmt":"2026-01-20T05:00:00","guid":{"rendered":"https:\/\/www.thegreenlist.nl\/?p=64040"},"modified":"2026-01-22T12:51:24","modified_gmt":"2026-01-22T11:51:24","slug":"ja-kaffeekapseln-konnen-jetzt-mit-pmd-entsorgt-werden","status":"publish","type":"post","link":"https:\/\/www.thegreenlist.nl\/de\/yes-koffiecapsules-mogen-vanaf-nu-bij-het-pmd\/","title":{"rendered":"Ja! Kaffeekapseln sind jetzt im PMD erlaubt"},"content":{"rendered":"<div id=\"bsf_rt_marker\"><\/div>\n<p><br><strong>Gute Nachrichten f\u00fcr Kaffeeliebhaber: Ab dem 1. Januar 2026 sind Kaffeekapseln im PMD-Abfall erlaubt. Das ist die Abk\u00fcrzung f\u00fcr Kunststoff-, Metall- und Getr\u00e4nkekartons - und in Ihrer Gemeinde vielleicht besser bekannt als PBD. Und das ist nicht nur einfach f\u00fcr Sie, sondern auch besser f\u00fcr die Welt. Denn auch Kaffeekapseln - ja, sogar mit Kaffeesatz - k\u00f6nnen immer besser sortiert und recycelt werden. Und das geschieht genau hier in den Niederlanden. Wie das funktioniert? Wir haben einen Blick auf den Abfallverarbeiter PreZero!<\/strong><\/p>\n\n\n\n<!--more-->\n\n\n\n<h2 class=\"wp-block-heading\">Das passiert mit Ihrer Kaffeekapsel<\/h2>\n\n\n\n<p class=\"has-small-font-size\"><em>In Zusammenarbeit mit Verpact<\/em><\/p>\n\n\n\n<p>Dank intelligenter Sortiertechniken und klarer Vereinbarungen zwischen Kommunen, Herstellern und Abfallverarbeitern ist seit dem 1. Januar 2026 mehr in der PMD-T\u00fcte erlaubt, darunter auch Kaffeekapseln aus Aluminium und Kunststoff. Diese sind nun zusammen mit anderen kleinen Aluminiumverpackungen in der PMD erlaubt. Beim Abfallverarbeiter <a href=\"https:\/\/prezero.nl\/\" target=\"_blank\" rel=\"noreferrer noopener\">PreZero<\/a> In Zwolle werden Kaffeekapseln aus Aluminium vom PMD-Abfall getrennt. Sie werden als kleine Metallverpackungen erkannt und landen zusammen mit anderen Aluminiumverpackungen wie Teelichtern, Geschirr von Imbissbuden, Katzenfutterdosen und Suppendosen in einem separaten Aluminiumabfallbeh\u00e4lter.<\/p>\n\n\n\n<p>Das gesammelte Aluminium wird dann an einen Aluminiumverarbeiter weitergeleitet. Dieser sorgt daf\u00fcr, dass der Strom der Aluminiumverpackungen verarbeitet wird und zu neuem Aluminium umgeschmolzen werden kann, d. h. zu einem Rohstoff f\u00fcr neue Produkte wie Fahrradteile, Fensterrahmen und Getr\u00e4nkedosen.<\/p>\n\n\n\n<div class=\"wp-block-jetpack-tiled-gallery aligncenter is-style-rectangular\"><div class=\"\"><div class=\"tiled-gallery__gallery\"><div class=\"tiled-gallery__row\"><div class=\"tiled-gallery__col\" style=\"flex-basis:34.78538%\"><figure class=\"tiled-gallery__item\"><img decoding=\"async\" srcset=\"https:\/\/i0.wp.com\/afbeeldingen.thegreenlist.nl\/uploads\/2025\/12\/pmd-stroom-aluminium-koffiecapsules.jpg?strip=info&#038;w=600&#038;ssl=1 600w,https:\/\/i0.wp.com\/afbeeldingen.thegreenlist.nl\/uploads\/2025\/12\/pmd-stroom-aluminium-koffiecapsules.jpg?strip=info&#038;w=800&#038;ssl=1 800w\" alt=\"PMD, Aluminium-Strom.\" data-height=\"1000\" data-id=\"64049\" data-link=\"https:\/\/www.thegreenlist.nl\/?attachment_id=64049\" data-url=\"https:\/\/afbeeldingen.thegreenlist.nl\/uploads\/2025\/12\/pmd-stroom-aluminium-koffiecapsules.jpg\" data-width=\"800\" src=\"https:\/\/i0.wp.com\/afbeeldingen.thegreenlist.nl\/uploads\/2025\/12\/pmd-stroom-aluminium-koffiecapsules.jpg?ssl=1\" data-amp-layout=\"responsive\"\/><\/figure><\/div><div class=\"tiled-gallery__col\" style=\"flex-basis:32.60731%\"><figure class=\"tiled-gallery__item\"><img decoding=\"async\" srcset=\"https:\/\/i0.wp.com\/afbeeldingen.thegreenlist.nl\/uploads\/2025\/12\/koffiecapsules-verwerking-pmd-768x1024.jpg?strip=info&#038;w=600&#038;ssl=1 600w,https:\/\/i0.wp.com\/afbeeldingen.thegreenlist.nl\/uploads\/2025\/12\/koffiecapsules-verwerking-pmd-768x1024.jpg?strip=info&#038;w=800&#038;ssl=1 800w\" alt=\"Recycling von PMD.\" data-height=\"1067\" data-id=\"64047\" data-link=\"https:\/\/www.thegreenlist.nl\/?attachment_id=64047\" data-url=\"https:\/\/afbeeldingen.thegreenlist.nl\/uploads\/2025\/12\/koffiecapsules-verwerking-pmd-768x1024.jpg\" data-width=\"800\" src=\"https:\/\/i0.wp.com\/afbeeldingen.thegreenlist.nl\/uploads\/2025\/12\/koffiecapsules-verwerking-pmd-768x1024.jpg?ssl=1\" data-amp-layout=\"responsive\"\/><\/figure><\/div><div class=\"tiled-gallery__col\" style=\"flex-basis:32.60731%\"><figure class=\"tiled-gallery__item\"><img decoding=\"async\" srcset=\"https:\/\/i0.wp.com\/afbeeldingen.thegreenlist.nl\/uploads\/2025\/12\/pmd-gesorteerd-aluminium-met-koffiecapsules-768x1024.jpg?strip=info&#038;w=600&#038;ssl=1 600w,https:\/\/i0.wp.com\/afbeeldingen.thegreenlist.nl\/uploads\/2025\/12\/pmd-gesorteerd-aluminium-met-koffiecapsules-768x1024.jpg?strip=info&#038;w=800&#038;ssl=1 800w\" alt=\"PMD-Abf\u00e4lle, sortiertes Aluminium.\" data-height=\"1067\" data-id=\"64048\" data-link=\"https:\/\/www.thegreenlist.nl\/?attachment_id=64048\" data-url=\"https:\/\/afbeeldingen.thegreenlist.nl\/uploads\/2025\/12\/pmd-gesorteerd-aluminium-met-koffiecapsules-768x1024.jpg\" data-width=\"800\" src=\"https:\/\/i0.wp.com\/afbeeldingen.thegreenlist.nl\/uploads\/2025\/12\/pmd-gesorteerd-aluminium-met-koffiecapsules-768x1024.jpg?ssl=1\" data-amp-layout=\"responsive\"\/><\/figure><\/div><\/div><\/div><\/div><\/div>\n\n\n\n<p class=\"has-small-font-size\"><em>Das Sortierverfahren f\u00fcr PMD-Abf\u00e4lle bei PreZero. Das PMD kommt an und wird in 14 Str\u00f6me sortiert, darunter auch Aluminium, zu dem auch die Aluminiumkaffeekapsel geh\u00f6rt.<\/em><\/p>\n\n\n\n<div class=\"wp-block-columns has-background is-layout-flex wp-container-core-columns-is-layout-28f84493 wp-block-columns-is-layout-flex\" style=\"background-color:#eff1ec\">\n<div class=\"wp-block-column is-layout-flow wp-block-column-is-layout-flow\">\n<h3 class=\"wp-block-heading\">Donkey PMD, aber mit einer Ausnahme f\u00fcr Kaffeekapseln<\/h3>\n\n\n\n<p>Zweifeln Sie manchmal daran, ob etwas in den PMD geh\u00f6rt? Dann haben wir hier eine praktische Ged\u00e4chtnisst\u00fctze, die fast immer funktioniert. Ist es (war es) eine Verpackung? Stammt es aus einem Haushalt? Ist es leer? Dreimal \u2018ja\u2019? Dann kann es in den PMD-Beutel wandern. Aber... Kaffeekapseln sind eine Ausnahme von der letzten Regel. Sie d\u00fcrfen ausnahmsweise mit dem Kaffeesatz in den Beutel. Die Aluminiumverarbeiter sind so ausger\u00fcstet, dass sie diese R\u00fcckst\u00e4nde sp\u00e4ter im Recyclingprozess selbst entfernen k\u00f6nnen. Sch\u00f6n einfach! Obwohl... Sie k\u00f6nnen auch Kaffeesatz entfernen, denn Ihre Pflanzen lieben ihn!<\/p>\n<\/div>\n<\/div>\n\n\n\n<h2 class=\"wp-block-heading\">Ab jetzt ist in PMD mehr erlaubt<\/h2>\n\n\n\n<p>Kaffeekapseln sind nicht die einzigen Neuzug\u00e4nge im PMD-Abfall. Was jetzt auch in der T\u00fcte erlaubt ist - und vorher nicht - ist zum Beispiel eine Spr\u00fchdose f\u00fcr Schlagsahne (leer!) und eine kombinierte Verpackung aus Kunststoff und Papier wie eine Brott\u00fcte mit Kunststofffenster. M\u00f6chten Sie genau wissen, was erlaubt ist und was nicht? Dann sehen Sie sich die neue Ja\/Nein-Liste unten an.<\/p>\n\n\n\n<figure class=\"wp-block-image aligncenter size-full\"><img fetchpriority=\"high\" decoding=\"async\" width=\"679\" height=\"966\" src=\"https:\/\/afbeeldingen.thegreenlist.nl\/uploads\/2025\/12\/wel-niet-lijst-pmd.jpg\" alt=\"PMD-unzul\u00e4ssige Liste.\" class=\"wp-image-64029\" srcset=\"https:\/\/afbeeldingen.thegreenlist.nl\/uploads\/2025\/12\/wel-niet-lijst-pmd-211x300.jpg 211w, https:\/\/afbeeldingen.thegreenlist.nl\/uploads\/2025\/12\/wel-niet-lijst-pmd-8x12.jpg 8w, https:\/\/afbeeldingen.thegreenlist.nl\/uploads\/2025\/12\/wel-niet-lijst-pmd.jpg 679w\" sizes=\"(max-width: 679px) 100vw, 679px\" \/><\/figure>\n\n\n\n<p>Sie haben Zweifel? Dann <a href=\"https:\/\/www.afvalscheidingswijzer.nl\/\" target=\"_blank\" rel=\"noreferrer noopener\">Leitfaden zur Abfalltrennung.nl<\/a> immer eine praktische Beratungsstelle. Merken Sie sich das! Und denken Sie daran: Manche Dinge geh\u00f6ren wirklich nicht in den M\u00fcll. Batterien, Spielzeug oder volle Verpackungen k\u00f6nnen den Recyclingprozess st\u00f6ren oder sogar gef\u00e4hrlich sein. <a href=\"https:\/\/www.thegreenlist.nl\/de\/vom-gartenschlauch-zum-spielzeug-das-ruiniert-das-pmd-recycling\/\">Mehr dar\u00fcber erfahren Sie in unserem Artikel \u00fcber die Ursachen von PMD.<\/a> Wird die PMD in Ihrer Gemeinde nicht gesondert erhoben? Kein Stress. Dann wird es getrennt gesammelt und anschlie\u00dfend recycelt. Auch toll!<\/p>\n\n\n\n<h4 class=\"wp-block-heading\">Erfahren Sie mehr \u00fcber das Recycling unserer Abf\u00e4lle<\/h4>\n\n\n\n<ul class=\"wp-block-list\">\n<li>Siehe auch: <a href=\"https:\/\/www.thegreenlist.nl\/de\/glasrecycling-wie-funktioniert-es\/\">Auf diese Weise wird unser Verpackungsglas recycelt.<\/a><\/li>\n\n\n\n<li>Siehe auch: <a href=\"https:\/\/www.thegreenlist.nl\/de\/vom-bioabfall-zum-kompost-wie-funktioniert-das\/\">von gft zu Kompost!<\/a><\/li>\n\n\n\n<li>Siehe auch: <a href=\"https:\/\/www.thegreenlist.nl\/de\/recycling-einer-flasche-mit-deckel-wie-funktioniert-das\/\">Das Recycling einer Pfandflasche.<\/a><br><br><\/li>\n<\/ul>\n\n\n\n<figure class=\"wp-block-embed is-type-rich is-provider-instagram wp-block-embed-instagram\"><div class=\"wp-block-embed__wrapper\">\n<blockquote class=\"instagram-media\" data-instgrm-captioned data-instgrm-permalink=\"https:\/\/www.instagram.com\/reel\/DTuLZOvjOw8\/?utm_source=ig_embed&amp;utm_campaign=loading\" data-instgrm-version=\"14\" style=\" background:#FFF; border:0; border-radius:3px; box-shadow:0 0 1px 0 rgba(0,0,0,0.5),0 1px 10px 0 rgba(0,0,0,0.15); margin: 1px; max-width:658px; min-width:326px; padding:0; width:99.375%; width:-webkit-calc(100% - 2px); width:calc(100% - 2px);\"><div style=\"padding:16px;\"> <a href=\"https:\/\/www.instagram.com\/reel\/DTuLZOvjOw8\/?utm_source=ig_embed&amp;utm_campaign=loading\" style=\" background:#FFFFFF; line-height:0; padding:0 0; text-align:center; text-decoration:none; width:100%;\" target=\"_blank\"> <div style=\" display: flex; flex-direction: row; align-items: center;\"> <div style=\"background-color: #F4F4F4; border-radius: 50%; flex-grow: 0; height: 40px; margin-right: 14px; width: 40px;\"><\/div> <div style=\"display: flex; flex-direction: column; flex-grow: 1; justify-content: center;\"> <div style=\" background-color: #F4F4F4; border-radius: 4px; flex-grow: 0; height: 14px; margin-bottom: 6px; width: 100px;\"><\/div> <div style=\" background-color: #F4F4F4; border-radius: 4px; flex-grow: 0; height: 14px; width: 60px;\"><\/div><\/div><\/div><div style=\"padding: 19% 0;\"><\/div> <div style=\"display:block; height:50px; margin:0 auto 12px; width:50px;\"><svg width=\"50px\" height=\"50px\" viewbox=\"0 0 60 60\" version=\"1.1\" xmlns=\"https:\/\/www.w3.org\/2000\/svg\" xmlns:xlink=\"https:\/\/www.w3.org\/1999\/xlink\"><g stroke=\"none\" stroke-width=\"1\" fill=\"none\" fill-rule=\"evenodd\"><g transform=\"translate(-511.000000, -20.000000)\" fill=\"#000000\"><g><path d=\"M556.869,30.41 C554.814,30.41 553.148,32.076 553.148,34.131 C553.148,36.186 554.814,37.852 556.869,37.852 C558.924,37.852 560.59,36.186 560.59,34.131 C560.59,32.076 558.924,30.41 556.869,30.41 M541,60.657 C535.114,60.657 530.342,55.887 530.342,50 C530.342,44.114 535.114,39.342 541,39.342 C546.887,39.342 551.658,44.114 551.658,50 C551.658,55.887 546.887,60.657 541,60.657 M541,33.886 C532.1,33.886 524.886,41.1 524.886,50 C524.886,58.899 532.1,66.113 541,66.113 C549.9,66.113 557.115,58.899 557.115,50 C557.115,41.1 549.9,33.886 541,33.886 M565.378,62.101 C565.244,65.022 564.756,66.606 564.346,67.663 C563.803,69.06 563.154,70.057 562.106,71.106 C561.058,72.155 560.06,72.803 558.662,73.347 C557.607,73.757 556.021,74.244 553.102,74.378 C549.944,74.521 548.997,74.552 541,74.552 C533.003,74.552 532.056,74.521 528.898,74.378 C525.979,74.244 524.393,73.757 523.338,73.347 C521.94,72.803 520.942,72.155 519.894,71.106 C518.846,70.057 518.197,69.06 517.654,67.663 C517.244,66.606 516.755,65.022 516.623,62.101 C516.479,58.943 516.448,57.996 516.448,50 C516.448,42.003 516.479,41.056 516.623,37.899 C516.755,34.978 517.244,33.391 517.654,32.338 C518.197,30.938 518.846,29.942 519.894,28.894 C520.942,27.846 521.94,27.196 523.338,26.654 C524.393,26.244 525.979,25.756 528.898,25.623 C532.057,25.479 533.004,25.448 541,25.448 C548.997,25.448 549.943,25.479 553.102,25.623 C556.021,25.756 557.607,26.244 558.662,26.654 C560.06,27.196 561.058,27.846 562.106,28.894 C563.154,29.942 563.803,30.938 564.346,32.338 C564.756,33.391 565.244,34.978 565.378,37.899 C565.522,41.056 565.552,42.003 565.552,50 C565.552,57.996 565.522,58.943 565.378,62.101 M570.82,37.631 C570.674,34.438 570.167,32.258 569.425,30.349 C568.659,28.377 567.633,26.702 565.965,25.035 C564.297,23.368 562.623,22.342 560.652,21.575 C558.743,20.834 556.562,20.326 553.369,20.18 C550.169,20.033 549.148,20 541,20 C532.853,20 531.831,20.033 528.631,20.18 C525.438,20.326 523.257,20.834 521.349,21.575 C519.376,22.342 517.703,23.368 516.035,25.035 C514.368,26.702 513.342,28.377 512.574,30.349 C511.834,32.258 511.326,34.438 511.181,37.631 C511.035,40.831 511,41.851 511,50 C511,58.147 511.035,59.17 511.181,62.369 C511.326,65.562 511.834,67.743 512.574,69.651 C513.342,71.625 514.368,73.296 516.035,74.965 C517.703,76.634 519.376,77.658 521.349,78.425 C523.257,79.167 525.438,79.673 528.631,79.82 C531.831,79.965 532.853,80.001 541,80.001 C549.148,80.001 550.169,79.965 553.369,79.82 C556.562,79.673 558.743,79.167 560.652,78.425 C562.623,77.658 564.297,76.634 565.965,74.965 C567.633,73.296 568.659,71.625 569.425,69.651 C570.167,67.743 570.674,65.562 570.82,62.369 C570.966,59.17 571,58.147 571,50 C571,41.851 570.966,40.831 570.82,37.631\"><\/path><\/g><\/g><\/g><\/svg><\/div><div style=\"padding-top: 8px;\"> <div style=\" color:#3897f0; font-family:Arial,sans-serif; font-size:14px; font-style:normal; font-weight:550; line-height:18px;\">Diesen Beitrag auf Instagram anzeigen<\/div><\/div><div style=\"padding: 12.5% 0;\"><\/div> <div style=\"display: flex; flex-direction: row; margin-bottom: 14px; align-items: center;\"><div> <div style=\"background-color: #F4F4F4; border-radius: 50%; height: 12.5px; width: 12.5px; transform: translateX(0px) translateY(7px);\"><\/div> <div style=\"background-color: #F4F4F4; height: 12.5px; transform: rotate(-45deg) translateX(3px) translateY(1px); width: 12.5px; flex-grow: 0; margin-right: 14px; margin-left: 2px;\"><\/div> <div style=\"background-color: #F4F4F4; border-radius: 50%; height: 12.5px; width: 12.5px; transform: translateX(9px) translateY(-18px);\"><\/div><\/div><div style=\"margin-left: 8px;\"> <div style=\" background-color: #F4F4F4; border-radius: 50%; flex-grow: 0; height: 20px; width: 20px;\"><\/div> <div style=\" width: 0; height: 0; border-top: 2px solid transparent; border-left: 6px solid #f4f4f4; border-bottom: 2px solid transparent; transform: translateX(16px) translateY(-4px) rotate(30deg)\"><\/div><\/div><div style=\"margin-left: auto;\"> <div style=\" width: 0px; border-top: 8px solid #F4F4F4; border-right: 8px solid transparent; transform: translateY(16px);\"><\/div> <div style=\" background-color: #F4F4F4; flex-grow: 0; height: 12px; width: 16px; transform: translateY(-4px);\"><\/div> <div style=\" width: 0; height: 0; border-top: 8px solid #F4F4F4; border-left: 8px solid transparent; transform: translateY(-4px) translateX(8px);\"><\/div><\/div><\/div> <div style=\"display: flex; flex-direction: column; flex-grow: 1; justify-content: center; margin-bottom: 24px;\"> <div style=\" background-color: #F4F4F4; border-radius: 4px; flex-grow: 0; height: 14px; margin-bottom: 6px; width: 224px;\"><\/div> <div style=\" background-color: #F4F4F4; border-radius: 4px; flex-grow: 0; height: 14px; width: 144px;\"><\/div><\/div><\/a><\/div><\/blockquote><script async src=\"\/\/platform.instagram.com\/en_US\/embeds.js\"><\/script>\n<\/div><\/figure>\n\n\n\n<p class=\"has-small-font-size\"><em>Bildnachweis: thegreenlist.nl.<\/em><\/p>\n\n\n\n<p><\/p>","protected":false},"excerpt":{"rendered":"<p>Goed nieuws voor koffieliefhebbers: vanaf 1 januari 2026 mogen koffiecapsules bij het PMD-afval. Dat is de afkorting voor plastic, metaal en drinkpakken \u2013 en misschien in jouw gemeente beter bekend als PBD. En dat is niet alleen makkelijk voor jou, maar ook beter voor de wereld. Want ook koffiecapsules \u2013 ja, zelfs m\u00e9t koffieprut \u2013 [&hellip;]<\/p>\n","protected":false},"author":2,"featured_media":64060,"comment_status":"closed","ping_status":"open","sticky":false,"template":"","format":"standard","meta":{"wprm-recipe-roundup-name":"","wprm-recipe-roundup-description":"","_jetpack_memberships_contains_paid_content":false,"footnotes":""},"categories":[140,1864,7],"tags":[172,349,524,1023,2115],"class_list":["post-64040","post","type-post","status-publish","format-standard","has-post-thumbnail","hentry","category-review","category-werken-ondernemen","category-huishouden","tag-duurzame-trends","tag-huishoudtips","tag-keukentips","tag-recycling","tag-footprint"],"yoast_head":"<!-- This site is optimized with the Yoast SEO plugin v27.3 - https:\/\/yoast.com\/product\/yoast-seo-wordpress\/ -->\n<title>Yes! Koffiecapsules mogen vanaf nu bij het PMD - www.thegreenlist.nl<\/title>\n<meta name=\"description\" content=\"Goed nieuws voor koffieliefhebbers: vanaf 1 januari 2026 mogen koffiecapsules bij het PMD-afval. Ze kunnen gerecycled worden m\u00e9t koffieprut.\" \/>\n<meta name=\"robots\" content=\"index, follow, max-snippet:-1, max-image-preview:large, max-video-preview:-1\" \/>\n<link rel=\"canonical\" href=\"https:\/\/www.thegreenlist.nl\/de\/ja-kaffeekapseln-konnen-jetzt-mit-pmd-entsorgt-werden\/\" \/>\n<meta property=\"og:locale\" content=\"de_DE\" \/>\n<meta property=\"og:type\" content=\"article\" \/>\n<meta property=\"og:title\" content=\"Yes! Koffiecapsules mogen vanaf nu bij het PMD - www.thegreenlist.nl\" \/>\n<meta property=\"og:description\" content=\"Goed nieuws voor koffieliefhebbers: vanaf 1 januari 2026 mogen koffiecapsules bij het PMD-afval. Ze kunnen gerecycled worden m\u00e9t koffieprut.\" \/>\n<meta property=\"og:url\" content=\"https:\/\/www.thegreenlist.nl\/de\/ja-kaffeekapseln-konnen-jetzt-mit-pmd-entsorgt-werden\/\" \/>\n<meta property=\"og:site_name\" content=\"www.thegreenlist.nl\" \/>\n<meta property=\"article:published_time\" content=\"2026-01-20T05:00:00+00:00\" \/>\n<meta property=\"article:modified_time\" content=\"2026-01-22T11:51:24+00:00\" \/>\n<meta property=\"og:image\" content=\"https:\/\/afbeeldingen.thegreenlist.nl\/uploads\/2025\/12\/koffiecapsules-bij-pmd-afval.jpg\" \/>\n\t<meta property=\"og:image:width\" content=\"1200\" \/>\n\t<meta property=\"og:image:height\" content=\"900\" \/>\n\t<meta property=\"og:image:type\" content=\"image\/jpeg\" \/>\n<meta name=\"author\" content=\"Saskia Sampimon-Versneij\" \/>\n<meta name=\"twitter:card\" content=\"summary_large_image\" \/>\n<meta name=\"twitter:label1\" content=\"Verfasst von\" \/>\n\t<meta name=\"twitter:data1\" content=\"Saskia Sampimon-Versneij\" \/>\n\t<meta name=\"twitter:label2\" content=\"Gesch\u00e4tzte Lesezeit\" \/>\n\t<meta name=\"twitter:data2\" content=\"4\u00a0Minuten\" \/>\n<script type=\"application\/ld+json\" class=\"yoast-schema-graph\">{\"@context\":\"https:\\\/\\\/schema.org\",\"@graph\":[{\"@type\":\"Article\",\"@id\":\"https:\\\/\\\/www.thegreenlist.nl\\\/yes-koffiecapsules-mogen-vanaf-nu-bij-het-pmd\\\/#article\",\"isPartOf\":{\"@id\":\"https:\\\/\\\/www.thegreenlist.nl\\\/yes-koffiecapsules-mogen-vanaf-nu-bij-het-pmd\\\/\"},\"author\":{\"name\":\"Saskia Sampimon-Versneij\",\"@id\":\"https:\\\/\\\/www.thegreenlist.nl\\\/en\\\/#\\\/schema\\\/person\\\/6283c905b9c579d25220e887f65407d8\"},\"headline\":\"Yes! Koffiecapsules mogen vanaf nu bij het PMD\",\"datePublished\":\"2026-01-20T05:00:00+00:00\",\"dateModified\":\"2026-01-22T11:51:24+00:00\",\"mainEntityOfPage\":{\"@id\":\"https:\\\/\\\/www.thegreenlist.nl\\\/yes-koffiecapsules-mogen-vanaf-nu-bij-het-pmd\\\/\"},\"wordCount\":516,\"publisher\":{\"@id\":\"https:\\\/\\\/www.thegreenlist.nl\\\/en\\\/#organization\"},\"image\":{\"@id\":\"https:\\\/\\\/www.thegreenlist.nl\\\/yes-koffiecapsules-mogen-vanaf-nu-bij-het-pmd\\\/#primaryimage\"},\"thumbnailUrl\":\"https:\\\/\\\/afbeeldingen.thegreenlist.nl\\\/uploads\\\/2025\\\/12\\\/koffiecapsules-bij-pmd-afval.jpg\",\"keywords\":[\"trends\",\"huishoudtips\",\"keukentips\",\"recycling\",\"footprint\"],\"articleSection\":[\"Review\",\"Werken &amp; Ondernemen\",\"Huishouden\"],\"inLanguage\":\"de\"},{\"@type\":\"WebPage\",\"@id\":\"https:\\\/\\\/www.thegreenlist.nl\\\/yes-koffiecapsules-mogen-vanaf-nu-bij-het-pmd\\\/\",\"url\":\"https:\\\/\\\/www.thegreenlist.nl\\\/yes-koffiecapsules-mogen-vanaf-nu-bij-het-pmd\\\/\",\"name\":\"Yes! Koffiecapsules mogen vanaf nu bij het PMD - www.thegreenlist.nl\",\"isPartOf\":{\"@id\":\"https:\\\/\\\/www.thegreenlist.nl\\\/en\\\/#website\"},\"primaryImageOfPage\":{\"@id\":\"https:\\\/\\\/www.thegreenlist.nl\\\/yes-koffiecapsules-mogen-vanaf-nu-bij-het-pmd\\\/#primaryimage\"},\"image\":{\"@id\":\"https:\\\/\\\/www.thegreenlist.nl\\\/yes-koffiecapsules-mogen-vanaf-nu-bij-het-pmd\\\/#primaryimage\"},\"thumbnailUrl\":\"https:\\\/\\\/afbeeldingen.thegreenlist.nl\\\/uploads\\\/2025\\\/12\\\/koffiecapsules-bij-pmd-afval.jpg\",\"datePublished\":\"2026-01-20T05:00:00+00:00\",\"dateModified\":\"2026-01-22T11:51:24+00:00\",\"description\":\"Goed nieuws voor koffieliefhebbers: vanaf 1 januari 2026 mogen koffiecapsules bij het PMD-afval. Ze kunnen gerecycled worden m\u00e9t koffieprut.\",\"breadcrumb\":{\"@id\":\"https:\\\/\\\/www.thegreenlist.nl\\\/yes-koffiecapsules-mogen-vanaf-nu-bij-het-pmd\\\/#breadcrumb\"},\"inLanguage\":\"de\",\"potentialAction\":[{\"@type\":\"ReadAction\",\"target\":[\"https:\\\/\\\/www.thegreenlist.nl\\\/yes-koffiecapsules-mogen-vanaf-nu-bij-het-pmd\\\/\"]}]},{\"@type\":\"ImageObject\",\"inLanguage\":\"de\",\"@id\":\"https:\\\/\\\/www.thegreenlist.nl\\\/yes-koffiecapsules-mogen-vanaf-nu-bij-het-pmd\\\/#primaryimage\",\"url\":\"https:\\\/\\\/afbeeldingen.thegreenlist.nl\\\/uploads\\\/2025\\\/12\\\/koffiecapsules-bij-pmd-afval.jpg\",\"contentUrl\":\"https:\\\/\\\/afbeeldingen.thegreenlist.nl\\\/uploads\\\/2025\\\/12\\\/koffiecapsules-bij-pmd-afval.jpg\",\"width\":1200,\"height\":900,\"caption\":\"Koffiecapsules bij PMD voor recycling.\"},{\"@type\":\"BreadcrumbList\",\"@id\":\"https:\\\/\\\/www.thegreenlist.nl\\\/yes-koffiecapsules-mogen-vanaf-nu-bij-het-pmd\\\/#breadcrumb\",\"itemListElement\":[{\"@type\":\"ListItem\",\"position\":1,\"name\":\"Home\",\"item\":\"https:\\\/\\\/www.thegreenlist.nl\\\/\"},{\"@type\":\"ListItem\",\"position\":2,\"name\":\"Yes! Koffiecapsules mogen vanaf nu bij het PMD\"}]},{\"@type\":\"WebSite\",\"@id\":\"https:\\\/\\\/www.thegreenlist.nl\\\/en\\\/#website\",\"url\":\"https:\\\/\\\/www.thegreenlist.nl\\\/en\\\/\",\"name\":\"www.thegreenlist.nl\",\"description\":\"Alles voor een groenere lifestyle\",\"publisher\":{\"@id\":\"https:\\\/\\\/www.thegreenlist.nl\\\/en\\\/#organization\"},\"potentialAction\":[{\"@type\":\"SearchAction\",\"target\":{\"@type\":\"EntryPoint\",\"urlTemplate\":\"https:\\\/\\\/www.thegreenlist.nl\\\/en\\\/?s={search_term_string}\"},\"query-input\":{\"@type\":\"PropertyValueSpecification\",\"valueRequired\":true,\"valueName\":\"search_term_string\"}}],\"inLanguage\":\"de\"},{\"@type\":\"Organization\",\"@id\":\"https:\\\/\\\/www.thegreenlist.nl\\\/en\\\/#organization\",\"name\":\"www.thegreenlist.nl\",\"url\":\"https:\\\/\\\/www.thegreenlist.nl\\\/en\\\/\",\"logo\":{\"@type\":\"ImageObject\",\"inLanguage\":\"de\",\"@id\":\"https:\\\/\\\/www.thegreenlist.nl\\\/en\\\/#\\\/schema\\\/logo\\\/image\\\/\",\"url\":\"https:\\\/\\\/afbeeldingen.thegreenlist.nl\\\/uploads\\\/2022\\\/01\\\/Middel-1-100.jpg\",\"contentUrl\":\"https:\\\/\\\/afbeeldingen.thegreenlist.nl\\\/uploads\\\/2022\\\/01\\\/Middel-1-100.jpg\",\"width\":342,\"height\":342,\"caption\":\"www.thegreenlist.nl\"},\"image\":{\"@id\":\"https:\\\/\\\/www.thegreenlist.nl\\\/en\\\/#\\\/schema\\\/logo\\\/image\\\/\"}},{\"@type\":\"Person\",\"@id\":\"https:\\\/\\\/www.thegreenlist.nl\\\/en\\\/#\\\/schema\\\/person\\\/6283c905b9c579d25220e887f65407d8\",\"name\":\"Saskia Sampimon-Versneij\",\"image\":{\"@type\":\"ImageObject\",\"inLanguage\":\"de\",\"@id\":\"https:\\\/\\\/afbeeldingen.thegreenlist.nl\\\/uploads\\\/2024\\\/11\\\/saskia-thegreenlistnl-100x100.jpg\",\"url\":\"https:\\\/\\\/afbeeldingen.thegreenlist.nl\\\/uploads\\\/2024\\\/11\\\/saskia-thegreenlistnl-100x100.jpg\",\"contentUrl\":\"https:\\\/\\\/afbeeldingen.thegreenlist.nl\\\/uploads\\\/2024\\\/11\\\/saskia-thegreenlistnl-100x100.jpg\",\"caption\":\"Saskia Sampimon-Versneij\"},\"description\":\"Oprichter van thegreenlist.nl. Haar doel: zoveel mogelijk mensen enthousiast maken voor een duurzamer leven. Sas schreef ook h\u00e9t duurzame lifestyle boek NIKS NIEUWS.\",\"url\":\"https:\\\/\\\/www.thegreenlist.nl\\\/de\\\/author\\\/saskia\\\/\"}]}<\/script>\n<!-- \/ Yoast SEO plugin. -->","yoast_head_json":{"title":"Ja! Kaffeekapseln sind jetzt im PMD erlaubt - www.thegreenlist.nl","description":"Gute Nachrichten f\u00fcr Kaffeeliebhaber: Ab dem 1. Januar 2026 sind Kaffeekapseln im PMD-Abfall erlaubt. Sie k\u00f6nnen mit dem Kaffeesatz recycelt werden.","robots":{"index":"index","follow":"follow","max-snippet":"max-snippet:-1","max-image-preview":"max-image-preview:large","max-video-preview":"max-video-preview:-1"},"canonical":"https:\/\/www.thegreenlist.nl\/de\/ja-kaffeekapseln-konnen-jetzt-mit-pmd-entsorgt-werden\/","og_locale":"de_DE","og_type":"article","og_title":"Yes! Koffiecapsules mogen vanaf nu bij het PMD - www.thegreenlist.nl","og_description":"Goed nieuws voor koffieliefhebbers: vanaf 1 januari 2026 mogen koffiecapsules bij het PMD-afval. Ze kunnen gerecycled worden m\u00e9t koffieprut.","og_url":"https:\/\/www.thegreenlist.nl\/de\/ja-kaffeekapseln-konnen-jetzt-mit-pmd-entsorgt-werden\/","og_site_name":"www.thegreenlist.nl","article_published_time":"2026-01-20T05:00:00+00:00","article_modified_time":"2026-01-22T11:51:24+00:00","og_image":[{"width":1200,"height":900,"url":"https:\/\/afbeeldingen.thegreenlist.nl\/uploads\/2025\/12\/koffiecapsules-bij-pmd-afval.jpg","type":"image\/jpeg"}],"author":"Saskia Sampimon-Versneij","twitter_card":"summary_large_image","twitter_misc":{"Verfasst von":"Saskia Sampimon-Versneij","Gesch\u00e4tzte Lesezeit":"4\u00a0Minuten"},"schema":{"@context":"https:\/\/schema.org","@graph":[{"@type":"Article","@id":"https:\/\/www.thegreenlist.nl\/yes-koffiecapsules-mogen-vanaf-nu-bij-het-pmd\/#article","isPartOf":{"@id":"https:\/\/www.thegreenlist.nl\/yes-koffiecapsules-mogen-vanaf-nu-bij-het-pmd\/"},"author":{"name":"Saskia Sampimon-Versneij","@id":"https:\/\/www.thegreenlist.nl\/en\/#\/schema\/person\/6283c905b9c579d25220e887f65407d8"},"headline":"Yes! Koffiecapsules mogen vanaf nu bij het PMD","datePublished":"2026-01-20T05:00:00+00:00","dateModified":"2026-01-22T11:51:24+00:00","mainEntityOfPage":{"@id":"https:\/\/www.thegreenlist.nl\/yes-koffiecapsules-mogen-vanaf-nu-bij-het-pmd\/"},"wordCount":516,"publisher":{"@id":"https:\/\/www.thegreenlist.nl\/en\/#organization"},"image":{"@id":"https:\/\/www.thegreenlist.nl\/yes-koffiecapsules-mogen-vanaf-nu-bij-het-pmd\/#primaryimage"},"thumbnailUrl":"https:\/\/afbeeldingen.thegreenlist.nl\/uploads\/2025\/12\/koffiecapsules-bij-pmd-afval.jpg","keywords":["trends","huishoudtips","keukentips","recycling","footprint"],"articleSection":["Review","Werken &amp; Ondernemen","Huishouden"],"inLanguage":"de"},{"@type":"WebPage","@id":"https:\/\/www.thegreenlist.nl\/yes-koffiecapsules-mogen-vanaf-nu-bij-het-pmd\/","url":"https:\/\/www.thegreenlist.nl\/yes-koffiecapsules-mogen-vanaf-nu-bij-het-pmd\/","name":"Ja! Kaffeekapseln sind jetzt im PMD erlaubt - www.thegreenlist.nl","isPartOf":{"@id":"https:\/\/www.thegreenlist.nl\/en\/#website"},"primaryImageOfPage":{"@id":"https:\/\/www.thegreenlist.nl\/yes-koffiecapsules-mogen-vanaf-nu-bij-het-pmd\/#primaryimage"},"image":{"@id":"https:\/\/www.thegreenlist.nl\/yes-koffiecapsules-mogen-vanaf-nu-bij-het-pmd\/#primaryimage"},"thumbnailUrl":"https:\/\/afbeeldingen.thegreenlist.nl\/uploads\/2025\/12\/koffiecapsules-bij-pmd-afval.jpg","datePublished":"2026-01-20T05:00:00+00:00","dateModified":"2026-01-22T11:51:24+00:00","description":"Gute Nachrichten f\u00fcr Kaffeeliebhaber: Ab dem 1. Januar 2026 sind Kaffeekapseln im PMD-Abfall erlaubt. Sie k\u00f6nnen mit dem Kaffeesatz recycelt werden.","breadcrumb":{"@id":"https:\/\/www.thegreenlist.nl\/yes-koffiecapsules-mogen-vanaf-nu-bij-het-pmd\/#breadcrumb"},"inLanguage":"de","potentialAction":[{"@type":"ReadAction","target":["https:\/\/www.thegreenlist.nl\/yes-koffiecapsules-mogen-vanaf-nu-bij-het-pmd\/"]}]},{"@type":"ImageObject","inLanguage":"de","@id":"https:\/\/www.thegreenlist.nl\/yes-koffiecapsules-mogen-vanaf-nu-bij-het-pmd\/#primaryimage","url":"https:\/\/afbeeldingen.thegreenlist.nl\/uploads\/2025\/12\/koffiecapsules-bij-pmd-afval.jpg","contentUrl":"https:\/\/afbeeldingen.thegreenlist.nl\/uploads\/2025\/12\/koffiecapsules-bij-pmd-afval.jpg","width":1200,"height":900,"caption":"Koffiecapsules bij PMD voor recycling."},{"@type":"BreadcrumbList","@id":"https:\/\/www.thegreenlist.nl\/yes-koffiecapsules-mogen-vanaf-nu-bij-het-pmd\/#breadcrumb","itemListElement":[{"@type":"ListItem","position":1,"name":"Home","item":"https:\/\/www.thegreenlist.nl\/"},{"@type":"ListItem","position":2,"name":"Yes! Koffiecapsules mogen vanaf nu bij het PMD"}]},{"@type":"WebSite","@id":"https:\/\/www.thegreenlist.nl\/en\/#website","url":"https:\/\/www.thegreenlist.nl\/en\/","name":"www.thegreenlist.nl","description":"Alles f\u00fcr einen gr\u00fcneren Lebensstil","publisher":{"@id":"https:\/\/www.thegreenlist.nl\/en\/#organization"},"potentialAction":[{"@type":"SearchAction","target":{"@type":"EntryPoint","urlTemplate":"https:\/\/www.thegreenlist.nl\/en\/?s={search_term_string}"},"query-input":{"@type":"PropertyValueSpecification","valueRequired":true,"valueName":"search_term_string"}}],"inLanguage":"de"},{"@type":"Organization","@id":"https:\/\/www.thegreenlist.nl\/en\/#organization","name":"www.thegreenlist.nl","url":"https:\/\/www.thegreenlist.nl\/en\/","logo":{"@type":"ImageObject","inLanguage":"de","@id":"https:\/\/www.thegreenlist.nl\/en\/#\/schema\/logo\/image\/","url":"https:\/\/afbeeldingen.thegreenlist.nl\/uploads\/2022\/01\/Middel-1-100.jpg","contentUrl":"https:\/\/afbeeldingen.thegreenlist.nl\/uploads\/2022\/01\/Middel-1-100.jpg","width":342,"height":342,"caption":"www.thegreenlist.nl"},"image":{"@id":"https:\/\/www.thegreenlist.nl\/en\/#\/schema\/logo\/image\/"}},{"@type":"Person","@id":"https:\/\/www.thegreenlist.nl\/en\/#\/schema\/person\/6283c905b9c579d25220e887f65407d8","name":"Saskia Sampimon-Versneij","image":{"@type":"ImageObject","inLanguage":"de","@id":"https:\/\/afbeeldingen.thegreenlist.nl\/uploads\/2024\/11\/saskia-thegreenlistnl-100x100.jpg","url":"https:\/\/afbeeldingen.thegreenlist.nl\/uploads\/2024\/11\/saskia-thegreenlistnl-100x100.jpg","contentUrl":"https:\/\/afbeeldingen.thegreenlist.nl\/uploads\/2024\/11\/saskia-thegreenlistnl-100x100.jpg","caption":"Saskia Sampimon-Versneij"},"description":"Gr\u00fcnderin von thegreenlist.nl. Ihr Ziel: so viele Menschen wie m\u00f6glich f\u00fcr ein nachhaltigeres Leben zu begeistern. Sas hat auch das Buch \u00fcber einen nachhaltigen Lebensstil NIKS NIEUWS geschrieben.","url":"https:\/\/www.thegreenlist.nl\/de\/author\/saskia\/"}]}},"jetpack_featured_media_url":"https:\/\/afbeeldingen.thegreenlist.nl\/uploads\/2025\/12\/koffiecapsules-bij-pmd-afval.jpg","jetpack_sharing_enabled":true,"_links":{"self":[{"href":"https:\/\/www.thegreenlist.nl\/de\/wp-json\/wp\/v2\/posts\/64040","targetHints":{"allow":["GET"]}}],"collection":[{"href":"https:\/\/www.thegreenlist.nl\/de\/wp-json\/wp\/v2\/posts"}],"about":[{"href":"https:\/\/www.thegreenlist.nl\/de\/wp-json\/wp\/v2\/types\/post"}],"author":[{"embeddable":true,"href":"https:\/\/www.thegreenlist.nl\/de\/wp-json\/wp\/v2\/users\/2"}],"replies":[{"embeddable":true,"href":"https:\/\/www.thegreenlist.nl\/de\/wp-json\/wp\/v2\/comments?post=64040"}],"version-history":[{"count":8,"href":"https:\/\/www.thegreenlist.nl\/de\/wp-json\/wp\/v2\/posts\/64040\/revisions"}],"predecessor-version":[{"id":64941,"href":"https:\/\/www.thegreenlist.nl\/de\/wp-json\/wp\/v2\/posts\/64040\/revisions\/64941"}],"wp:featuredmedia":[{"embeddable":true,"href":"https:\/\/www.thegreenlist.nl\/de\/wp-json\/wp\/v2\/media\/64060"}],"wp:attachment":[{"href":"https:\/\/www.thegreenlist.nl\/de\/wp-json\/wp\/v2\/media?parent=64040"}],"wp:term":[{"taxonomy":"category","embeddable":true,"href":"https:\/\/www.thegreenlist.nl\/de\/wp-json\/wp\/v2\/categories?post=64040"},{"taxonomy":"post_tag","embeddable":true,"href":"https:\/\/www.thegreenlist.nl\/de\/wp-json\/wp\/v2\/tags?post=64040"}],"curies":[{"name":"wp","href":"https:\/\/api.w.org\/{rel}","templated":true}]}}